{"id":843,"date":"2011-12-28T12:27:52","date_gmt":"2011-12-28T12:27:52","guid":{"rendered":"http:\/\/www.mgv-concordia-nw.de\/?p=843"},"modified":"2012-11-25T09:41:39","modified_gmt":"2012-11-25T09:41:39","slug":"weihnachtsfeier-des-mgv-concordia-neckarwimmersbach-2","status":"publish","type":"post","link":"https:\/\/www.mgv-concordia-nw.de\/?p=843","title":{"rendered":"Weihnachtsfeier des MGV Concordia Neckarwimmersbach"},"content":{"rendered":"<p style=\"text-align: justify;\"><strong> Zu seiner Weihnachtsfeier hatte am Samstag 17.12.2011 der MGV Concordia ins Gasthaus &#8222;Gr\u00fcner Baum\u201c eingeladen.<\/strong><\/p>\n<figure id=\"attachment_847\" aria-describedby=\"caption-attachment-847\" style=\"width: 340px\" class=\"wp-caption alignleft\"><a href=\"https:\/\/www.mgv-concordia-nw.de\/wordpress\/wp-content\/uploads\/2011\/12\/MGV-Concordia-Ehrungen-2011.jpg\"><img loading=\"lazy\" decoding=\"async\" class=\"size-medium wp-image-847 \" title=\"MGV Concordia Ehrungen 2011\" src=\"https:\/\/www.mgv-concordia-nw.de\/wordpress\/wp-content\/uploads\/2011\/12\/MGV-Concordia-Ehrungen-2011-340x226.jpg\" alt=\"v.l.n.r. Dieter Leibfried, Christel Blutbacher, 1. Vorstand Gerhard Laritz, Hedwig Kre\u00df, Marlies Rumbach, Kassier Armin Blutbacher, Willi Rupp, 2. Vorstand Karlheinz Dir, Gerhard Fauss war nicht anwesend\" width=\"340\" height=\"226\" srcset=\"https:\/\/www.mgv-concordia-nw.de\/wordpress\/wp-content\/uploads\/2011\/12\/MGV-Concordia-Ehrungen-2011-340x226.jpg 340w, https:\/\/www.mgv-concordia-nw.de\/wordpress\/wp-content\/uploads\/2011\/12\/MGV-Concordia-Ehrungen-2011-740x493.jpg 740w, https:\/\/www.mgv-concordia-nw.de\/wordpress\/wp-content\/uploads\/2011\/12\/MGV-Concordia-Ehrungen-2011.jpg 748w\" sizes=\"auto, (max-width: 340px) 100vw, 340px\" \/><\/a><figcaption id=\"caption-attachment-847\" class=\"wp-caption-text\">Ehrungen der Mitglieder 2011 &#8211; v.l.n.r. Dieter Leibfried, Christel Blutbacher, 1. Vorstand Gerhard Laritz, Hedwig Kre\u00df, Marlies Rumbach, Kassier Armin Blutbacher, Willi Rupp, 2. Vorstand Karlheinz Dir, Gerhard Fauss war nicht anwesend<\/figcaption><\/figure>\n<figure id=\"attachment_851\" aria-describedby=\"caption-attachment-851\" style=\"width: 340px\" class=\"wp-caption alignleft\"><a href=\"https:\/\/www.mgv-concordia-nw.de\/wordpress\/wp-content\/uploads\/2011\/12\/MGV-Concordia-Ehrungen-2011-2.jpg\"><img loading=\"lazy\" decoding=\"async\" class=\"size-medium wp-image-851 \" title=\"MGV Concordia Ehrungen\" src=\"https:\/\/www.mgv-concordia-nw.de\/wordpress\/wp-content\/uploads\/2011\/12\/MGV-Concordia-Ehrungen-2011-2-340x246.jpg\" alt=\"\" width=\"340\" height=\"246\" srcset=\"https:\/\/www.mgv-concordia-nw.de\/wordpress\/wp-content\/uploads\/2011\/12\/MGV-Concordia-Ehrungen-2011-2-340x246.jpg 340w, https:\/\/www.mgv-concordia-nw.de\/wordpress\/wp-content\/uploads\/2011\/12\/MGV-Concordia-Ehrungen-2011-2-740x536.jpg 740w, https:\/\/www.mgv-concordia-nw.de\/wordpress\/wp-content\/uploads\/2011\/12\/MGV-Concordia-Ehrungen-2011-2.jpg 748w\" sizes=\"auto, (max-width: 340px) 100vw, 340px\" \/><\/a><figcaption id=\"caption-attachment-851\" class=\"wp-caption-text\">MGV Concordia Ehrungen<\/figcaption><\/figure>\n<p style=\"text-align: justify;\">Der erste Vorsitzende Gerhard Laritz begr\u00fc\u00dfte die G\u00e4ste, unter anderem die Ehrenmitglieder Heinz Fischer und G\u00fcnter Schmitt. Er w\u00fcnschte allen ein frohes Fest und einen guten Rutsch ins neue Jahr.<\/p>\n<figure id=\"attachment_857\" aria-describedby=\"caption-attachment-857\" style=\"width: 340px\" class=\"wp-caption alignleft\"><a href=\"https:\/\/www.mgv-concordia-nw.de\/wordpress\/wp-content\/uploads\/2011\/12\/MGV-Concordia-Tombola-2011.jpg\"><img loading=\"lazy\" decoding=\"async\" class=\"size-medium wp-image-857\" title=\"MGV Concordia Tombola 2011\" src=\"https:\/\/www.mgv-concordia-nw.de\/wordpress\/wp-content\/uploads\/2011\/12\/MGV-Concordia-Tombola-2011-340x226.jpg\" alt=\"\" width=\"340\" height=\"226\" srcset=\"https:\/\/www.mgv-concordia-nw.de\/wordpress\/wp-content\/uploads\/2011\/12\/MGV-Concordia-Tombola-2011-340x226.jpg 340w, https:\/\/www.mgv-concordia-nw.de\/wordpress\/wp-content\/uploads\/2011\/12\/MGV-Concordia-Tombola-2011-740x493.jpg 740w, https:\/\/www.mgv-concordia-nw.de\/wordpress\/wp-content\/uploads\/2011\/12\/MGV-Concordia-Tombola-2011.jpg 748w\" sizes=\"auto, (max-width: 340px) 100vw, 340px\" \/><\/a><figcaption id=\"caption-attachment-857\" class=\"wp-caption-text\">Die Tombola zur Weihnachtsfeier<\/figcaption><\/figure>\n<p style=\"text-align: justify;\"><strong>Passive Mitglieder wurden f\u00fcr ihre Treue geehrt<\/strong> &#8211; In diesem Jahr wurden die passiven Mitglieder, Willi Rupp f\u00fcr 50j\u00e4hrige Mitgliedschaft, Christel Blutbacher, Hedwig Kre\u00df, Marlies Rumbach, Dieter Leibfried und Gerhard Fauss f\u00fcr 25j\u00e4hrige Mitgliedschaft geeehrt. Gerhard Laritz und der zweite Vorsitzende Karlheinz Dir, bedankten sich bei den Geeehrten f\u00fcr ihre Treue zum Verein mit einem Pr\u00e4sent und einer Urkunde. Mit den Spenden der Mitglieder konnte auch in diesem Jahr wieder eine reich best\u00fcckte Tombola angeboten werden. F\u00fcr die Spenden m\u00f6chte sich der MGV bei allen Mitgliedern herzlich bedanken.<\/p>\n<figure id=\"attachment_854\" aria-describedby=\"caption-attachment-854\" style=\"width: 340px\" class=\"wp-caption alignleft\"><a href=\"https:\/\/www.mgv-concordia-nw.de\/wordpress\/wp-content\/uploads\/2011\/12\/MGV-Concordia-2011-1.jpg\"><img loading=\"lazy\" decoding=\"async\" class=\"size-medium wp-image-854\" title=\"Der Chor des MGV Concordia Neckarwimmersbach im Jahr 2011 \" src=\"https:\/\/www.mgv-concordia-nw.de\/wordpress\/wp-content\/uploads\/2011\/12\/MGV-Concordia-2011-1-340x226.jpg\" alt=\"\" width=\"340\" height=\"226\" srcset=\"https:\/\/www.mgv-concordia-nw.de\/wordpress\/wp-content\/uploads\/2011\/12\/MGV-Concordia-2011-1-340x226.jpg 340w, https:\/\/www.mgv-concordia-nw.de\/wordpress\/wp-content\/uploads\/2011\/12\/MGV-Concordia-2011-1-740x493.jpg 740w, https:\/\/www.mgv-concordia-nw.de\/wordpress\/wp-content\/uploads\/2011\/12\/MGV-Concordia-2011-1.jpg 748w\" sizes=\"auto, (max-width: 340px) 100vw, 340px\" \/><\/a><figcaption id=\"caption-attachment-854\" class=\"wp-caption-text\">Die aktiven S\u00e4nger des MGV Concordia 1888 Neckarwimmersbach e.V.<\/figcaption><\/figure>\n<p style=\"text-align: justify;\">Der gem\u00fctliche Teil dauerte noch bis sp\u00e4t in den Abend.<\/p>\n<p style=\"text-align: justify;\">\n","protected":false},"excerpt":{"rendered":"<p>Zu seiner Weihnachtsfeier hatte am Samstag 17.12.2011 der MGV Concordia ins Gasthaus &#8222;Gr\u00fcner Baum\u201c eingeladen. Der erste Vorsitzende Gerhard Laritz begr\u00fc\u00dfte die G\u00e4ste, unter anderem die Ehrenmitglieder Heinz Fischer und G\u00fcnter Schmitt. Er w\u00fcnschte allen ein frohes Fest und einen guten Rutsch ins neue Jahr. Passive Mitglieder wurden f\u00fcr ihre Treue geehrt &#8211; In diesem [&hellip;]<\/p>\n","protected":false},"author":1,"featured_media":0,"comment_status":"closed","ping_status":"open","sticky":false,"template":"","format":"standard","meta":{"ngg_post_thumbnail":0,"footnotes":""},"categories":[23,16,19],"tags":[],"class_list":["post-843","post","type-post","status-publish","format-standard","hentry","category-liveauftritt","category-termine","category-weihnachtsfeier"],"blocksy_meta":[],"_links":{"self":[{"href":"https:\/\/www.mgv-concordia-nw.de\/index.php?rest_route=\/wp\/v2\/posts\/843","targetHints":{"allow":["GET"]}}],"collection":[{"href":"https:\/\/www.mgv-concordia-nw.de\/index.php?rest_route=\/wp\/v2\/posts"}],"about":[{"href":"https:\/\/www.mgv-concordia-nw.de\/index.php?rest_route=\/wp\/v2\/types\/post"}],"author":[{"embeddable":true,"href":"https:\/\/www.mgv-concordia-nw.de\/index.php?rest_route=\/wp\/v2\/users\/1"}],"replies":[{"embeddable":true,"href":"https:\/\/www.mgv-concordia-nw.de\/index.php?rest_route=%2Fwp%2Fv2%2Fcomments&post=843"}],"version-history":[{"count":21,"href":"https:\/\/www.mgv-concordia-nw.de\/index.php?rest_route=\/wp\/v2\/posts\/843\/revisions"}],"predecessor-version":[{"id":984,"href":"https:\/\/www.mgv-concordia-nw.de\/index.php?rest_route=\/wp\/v2\/posts\/843\/revisions\/984"}],"wp:attachment":[{"href":"https:\/\/www.mgv-concordia-nw.de\/index.php?rest_route=%2Fwp%2Fv2%2Fmedia&parent=843"}],"wp:term":[{"taxonomy":"category","embeddable":true,"href":"https:\/\/www.mgv-concordia-nw.de\/index.php?rest_route=%2Fwp%2Fv2%2Fcategories&post=843"},{"taxonomy":"post_tag","embeddable":true,"href":"https:\/\/www.mgv-concordia-nw.de\/index.php?rest_route=%2Fwp%2Fv2%2Ftags&post=843"}],"curies":[{"name":"wp","href":"https:\/\/api.w.org\/{rel}","templated":true}]}}