{"id":831,"date":"2011-11-28T14:11:13","date_gmt":"2011-11-28T14:11:13","guid":{"rendered":"http:\/\/www.mgv-concordia-nw.de\/?p=831"},"modified":"2011-12-28T12:46:29","modified_gmt":"2011-12-28T12:46:29","slug":"adventssonntag-in-der-concordia-hutte","status":"publish","type":"post","link":"https:\/\/www.mgv-concordia-nw.de\/?p=831","title":{"rendered":"Adventssonntag in der Concordia H\u00fctte"},"content":{"rendered":"<p><strong>Besinnlicher Adventsbeginn beim MGV Concordia <\/strong><\/p>\n<figure id=\"attachment_833\" aria-describedby=\"caption-attachment-833\" style=\"width: 340px\" class=\"wp-caption alignleft\"><a href=\"https:\/\/www.mgv-concordia-nw.de\/wordpress\/wp-content\/uploads\/2011\/11\/IMG_5009-002.jpg\"><img loading=\"lazy\" decoding=\"async\" class=\"size-medium wp-image-833 \" title=\"Adventsstimmung\" src=\"https:\/\/www.mgv-concordia-nw.de\/wordpress\/wp-content\/uploads\/2011\/11\/IMG_5009-002-340x226.jpg\" alt=\"Adventsstimmung\" width=\"340\" height=\"226\" srcset=\"https:\/\/www.mgv-concordia-nw.de\/wordpress\/wp-content\/uploads\/2011\/11\/IMG_5009-002-340x226.jpg 340w, https:\/\/www.mgv-concordia-nw.de\/wordpress\/wp-content\/uploads\/2011\/11\/IMG_5009-002.jpg 700w\" sizes=\"auto, (max-width: 340px) 100vw, 340px\" \/><\/a><figcaption id=\"caption-attachment-833\" class=\"wp-caption-text\">Adventsstimmung<\/figcaption><\/figure>\n<div class=\"mceTemp\" style=\"text-align: justify;\">\n<dl id=\"attachment_834\" class=\"wp-caption alignleft\" style=\"width: 350px;\">\n<dt class=\"wp-caption-dt\"><a href=\"https:\/\/www.mgv-concordia-nw.de\/wordpress\/wp-content\/uploads\/2011\/11\/IMG_5010-003.jpg\"><img loading=\"lazy\" decoding=\"async\" class=\"size-medium wp-image-834 \" title=\"...... auf dem Bild v.l.n.r. Ferdinand Kerling, Christoph Moderer, Wighard Zeidler\" src=\"https:\/\/www.mgv-concordia-nw.de\/wordpress\/wp-content\/uploads\/2011\/11\/IMG_5010-003-340x226.jpg\" alt=\"...... auf dem Bild v.l.n.r. Ferdinand Kerling, Christoph Moderer, Wighard Zeidler\" width=\"340\" height=\"226\" srcset=\"https:\/\/www.mgv-concordia-nw.de\/wordpress\/wp-content\/uploads\/2011\/11\/IMG_5010-003-340x226.jpg 340w, https:\/\/www.mgv-concordia-nw.de\/wordpress\/wp-content\/uploads\/2011\/11\/IMG_5010-003.jpg 700w\" sizes=\"auto, (max-width: 340px) 100vw, 340px\" \/><\/a><\/dt>\n<dd class=\"wp-caption-dd\">Auf dem Bild v.l.n.r. Ferdinand Kerling, Christoph Moderer, Wighard Zeidler<\/dd>\n<\/dl>\n<\/div>\n<p style=\"text-align: justify;\">Am ersten Adventssonntag hat der MGV Concordia seine Mitglieder auf die vorweihnachtliche Zeit eingestimmt.  In dem sch\u00f6n dekorierten Vereinsheim, gab es Kaffee und von den S\u00e4ngerfrauen selbstgebackenen Kuchen.   Der erste Vorsitzende Gerhard Laritz begr\u00fc\u00dfte die G\u00e4ste und las anschlie\u00dfend eine Geschichte vor. Auch lasen Monika Zeidler und Marlies Rumbach einige vorweihnachtliche Geschichten und Gedichte vor.<\/p>\n<p style=\"text-align: justify;\">Danach wurden Weihnachtslieder gesungen, unter der Begleitung der Mundharmonikaspieler, Ferdinand Kerling, Christoph Moderer, und Wighard Zeidler.<\/p>\n","protected":false},"excerpt":{"rendered":"<p>Besinnlicher Adventsbeginn beim MGV Concordia Auf dem Bild v.l.n.r. Ferdinand Kerling, Christoph Moderer, Wighard Zeidler Am ersten Adventssonntag hat der MGV Concordia seine Mitglieder auf die vorweihnachtliche Zeit eingestimmt. In dem sch\u00f6n dekorierten Vereinsheim, gab es Kaffee und von den S\u00e4ngerfrauen selbstgebackenen Kuchen. Der erste Vorsitzende Gerhard Laritz begr\u00fc\u00dfte die G\u00e4ste und las anschlie\u00dfend eine [&hellip;]<\/p>\n","protected":false},"author":1,"featured_media":0,"comment_status":"closed","ping_status":"open","sticky":false,"template":"","format":"standard","meta":{"ngg_post_thumbnail":0,"footnotes":""},"categories":[12,16,19],"tags":[53],"class_list":["post-831","post","type-post","status-publish","format-standard","hentry","category-concordia-hutte","category-termine","category-weihnachtsfeier","tag-advent"],"blocksy_meta":[],"_links":{"self":[{"href":"https:\/\/www.mgv-concordia-nw.de\/index.php?rest_route=\/wp\/v2\/posts\/831","targetHints":{"allow":["GET"]}}],"collection":[{"href":"https:\/\/www.mgv-concordia-nw.de\/index.php?rest_route=\/wp\/v2\/posts"}],"about":[{"href":"https:\/\/www.mgv-concordia-nw.de\/index.php?rest_route=\/wp\/v2\/types\/post"}],"author":[{"embeddable":true,"href":"https:\/\/www.mgv-concordia-nw.de\/index.php?rest_route=\/wp\/v2\/users\/1"}],"replies":[{"embeddable":true,"href":"https:\/\/www.mgv-concordia-nw.de\/index.php?rest_route=%2Fwp%2Fv2%2Fcomments&post=831"}],"version-history":[{"count":7,"href":"https:\/\/www.mgv-concordia-nw.de\/index.php?rest_route=\/wp\/v2\/posts\/831\/revisions"}],"predecessor-version":[{"id":860,"href":"https:\/\/www.mgv-concordia-nw.de\/index.php?rest_route=\/wp\/v2\/posts\/831\/revisions\/860"}],"wp:attachment":[{"href":"https:\/\/www.mgv-concordia-nw.de\/index.php?rest_route=%2Fwp%2Fv2%2Fmedia&parent=831"}],"wp:term":[{"taxonomy":"category","embeddable":true,"href":"https:\/\/www.mgv-concordia-nw.de\/index.php?rest_route=%2Fwp%2Fv2%2Fcategories&post=831"},{"taxonomy":"post_tag","embeddable":true,"href":"https:\/\/www.mgv-concordia-nw.de\/index.php?rest_route=%2Fwp%2Fv2%2Ftags&post=831"}],"curies":[{"name":"wp","href":"https:\/\/api.w.org\/{rel}","templated":true}]}}