{"id":814,"date":"2011-10-28T10:46:52","date_gmt":"2011-10-28T10:46:52","guid":{"rendered":"http:\/\/www.mgv-concordia-nw.de\/?p=814"},"modified":"2011-12-28T12:48:46","modified_gmt":"2011-12-28T12:48:46","slug":"mgv-concordia-unterstutzte-den-gemischten-chor-lindach","status":"publish","type":"post","link":"https:\/\/www.mgv-concordia-nw.de\/?p=814","title":{"rendered":"MGV Concordia unterst\u00fctzte den gemischten Chor Lindach"},"content":{"rendered":"<p><strong>Nachbarschaftshilfe f\u00fcr Lindacher S\u00e4nger<\/strong><\/p>\n<figure id=\"attachment_815\" aria-describedby=\"caption-attachment-815\" style=\"width: 340px\" class=\"wp-caption alignleft\"><a href=\"https:\/\/www.mgv-concordia-nw.de\/wordpress\/wp-content\/uploads\/2011\/10\/Concordia-on-Lindach.jpg\"><img loading=\"lazy\" decoding=\"async\" class=\"size-medium wp-image-815 \" title=\"Concordia on Lindach\" src=\"https:\/\/www.mgv-concordia-nw.de\/wordpress\/wp-content\/uploads\/2011\/10\/Concordia-on-Lindach-340x226.jpg\" alt=\"\" width=\"340\" height=\"226\" srcset=\"https:\/\/www.mgv-concordia-nw.de\/wordpress\/wp-content\/uploads\/2011\/10\/Concordia-on-Lindach-340x226.jpg 340w, https:\/\/www.mgv-concordia-nw.de\/wordpress\/wp-content\/uploads\/2011\/10\/Concordia-on-Lindach-740x492.jpg 740w, https:\/\/www.mgv-concordia-nw.de\/wordpress\/wp-content\/uploads\/2011\/10\/Concordia-on-Lindach.jpg 748w\" sizes=\"auto, (max-width: 340px) 100vw, 340px\" \/><\/a><figcaption id=\"caption-attachment-815\" class=\"wp-caption-text\">MGV Concordia beim Auftritt in Eberbach<\/figcaption><\/figure>\n<p style=\"text-align: justify;\">Am Freitag den 21. Oktober feierte der gemischte Chor Lindach sein Jubil\u00e4um. Unterst\u00fctzt wurden die S\u00e4ngerinnen und S\u00e4nger vom MGV Concordia Neckarwimmersbach, einigen Chorfreunden aus Allem\u00fchl, sowie den Akkordarbeitern. Alle Ch\u00f6re standen unter der Leitung von Tobias Soldner. Am Klavier begleitete Godehard Weidhoff.<\/p>\n<div class=\"mceTemp\" style=\"text-align: justify;\">\n<dl id=\"attachment_816\" class=\"wp-caption alignleft\" style=\"width: 350px;\">\n<dt class=\"wp-caption-dt\"><a href=\"https:\/\/www.mgv-concordia-nw.de\/wordpress\/wp-content\/uploads\/2011\/10\/Lindacher-S\u00e4nger-und-S\u00e4ngerinnen.jpg\"><img loading=\"lazy\" decoding=\"async\" class=\"size-medium wp-image-816 \" title=\"Lindacher S\u00e4nger und S\u00e4ngerinnen\" src=\"https:\/\/www.mgv-concordia-nw.de\/wordpress\/wp-content\/uploads\/2011\/10\/Lindacher-S\u00e4nger-und-S\u00e4ngerinnen-340x204.jpg\" alt=\"\" width=\"340\" height=\"204\" srcset=\"https:\/\/www.mgv-concordia-nw.de\/wordpress\/wp-content\/uploads\/2011\/10\/Lindacher-S\u00e4nger-und-S\u00e4ngerinnen-340x204.jpg 340w, https:\/\/www.mgv-concordia-nw.de\/wordpress\/wp-content\/uploads\/2011\/10\/Lindacher-S\u00e4nger-und-S\u00e4ngerinnen-740x444.jpg 740w, https:\/\/www.mgv-concordia-nw.de\/wordpress\/wp-content\/uploads\/2011\/10\/Lindacher-S\u00e4nger-und-S\u00e4ngerinnen.jpg 748w\" sizes=\"auto, (max-width: 340px) 100vw, 340px\" \/><\/a><\/dt>\n<dd class=\"wp-caption-dd\">Gemeinsames Singen im ev. Gemeindezentrum Eberbach<\/dd>\n<\/dl>\n<\/div>\n<p style=\"text-align: justify;\">Als erstes trat der Jubelchor mit dem Lied \u201eIhr von morgen\u201c von Udo J\u00fcrgens auf, als n\u00e4chstes das Lied \u201eSing a Song\u201c.   Der MGV Concordia lie\u00df die Volksweisen \u201eFein sein, beinander bleiben\u201c, \u201eDrei lachende M\u00e4dchen\u201c, sowie den \u201eBajazzo\u201c, erklingen. Danach traten der M\u00e4nnerchor und der gem. Chor gemeinsam mit dem Lied \u201eDona nobis pacem\u201c auf. Danach ging es in die wohlverdiente Pause.  Nach der Pause waren die Akkordarbeiter mit ihren Liedern an der Reihe. Weitere Lieder mit dem MGV Concordia und gem. Chor Lindach waren \u201eAm Brunnen vor dem Tore\u201c, \u201eDer Lindenbaum\u201c, \u201ePlaisir d`amour\u201c, \u201eTebje Pajom\u201c und mit \u201eFreude sch\u00f6ner G\u00f6tterfunke\u201c endete das Konzert. Allerdings wollten die Zuh\u00f6rer noch gern eine Zugabe h\u00f6ren. Die Ch\u00f6re zeigten zum Schluss mit \u201eRock my soul\u201c und \u201eGlory halleluja\u201c noch mal ihr ganzen K\u00f6nnen.<\/p>\n","protected":false},"excerpt":{"rendered":"<p>Nachbarschaftshilfe f\u00fcr Lindacher S\u00e4nger Am Freitag den 21. Oktober feierte der gemischte Chor Lindach sein Jubil\u00e4um. Unterst\u00fctzt wurden die S\u00e4ngerinnen und S\u00e4nger vom MGV Concordia Neckarwimmersbach, einigen Chorfreunden aus Allem\u00fchl, sowie den Akkordarbeitern. Alle Ch\u00f6re standen unter der Leitung von Tobias Soldner. Am Klavier begleitete Godehard Weidhoff. Gemeinsames Singen im ev. Gemeindezentrum Eberbach Als erstes [&hellip;]<\/p>\n","protected":false},"author":1,"featured_media":0,"comment_status":"closed","ping_status":"open","sticky":false,"template":"","format":"standard","meta":{"ngg_post_thumbnail":0,"footnotes":""},"categories":[23,16],"tags":[52,63,51],"class_list":["post-814","post","type-post","status-publish","format-standard","hentry","category-liveauftritt","category-termine","tag-live","tag-liveauftritt","tag-mgv-lindach"],"blocksy_meta":[],"_links":{"self":[{"href":"https:\/\/www.mgv-concordia-nw.de\/index.php?rest_route=\/wp\/v2\/posts\/814","targetHints":{"allow":["GET"]}}],"collection":[{"href":"https:\/\/www.mgv-concordia-nw.de\/index.php?rest_route=\/wp\/v2\/posts"}],"about":[{"href":"https:\/\/www.mgv-concordia-nw.de\/index.php?rest_route=\/wp\/v2\/types\/post"}],"author":[{"embeddable":true,"href":"https:\/\/www.mgv-concordia-nw.de\/index.php?rest_route=\/wp\/v2\/users\/1"}],"replies":[{"embeddable":true,"href":"https:\/\/www.mgv-concordia-nw.de\/index.php?rest_route=%2Fwp%2Fv2%2Fcomments&post=814"}],"version-history":[{"count":7,"href":"https:\/\/www.mgv-concordia-nw.de\/index.php?rest_route=\/wp\/v2\/posts\/814\/revisions"}],"predecessor-version":[{"id":863,"href":"https:\/\/www.mgv-concordia-nw.de\/index.php?rest_route=\/wp\/v2\/posts\/814\/revisions\/863"}],"wp:attachment":[{"href":"https:\/\/www.mgv-concordia-nw.de\/index.php?rest_route=%2Fwp%2Fv2%2Fmedia&parent=814"}],"wp:term":[{"taxonomy":"category","embeddable":true,"href":"https:\/\/www.mgv-concordia-nw.de\/index.php?rest_route=%2Fwp%2Fv2%2Fcategories&post=814"},{"taxonomy":"post_tag","embeddable":true,"href":"https:\/\/www.mgv-concordia-nw.de\/index.php?rest_route=%2Fwp%2Fv2%2Ftags&post=814"}],"curies":[{"name":"wp","href":"https:\/\/api.w.org\/{rel}","templated":true}]}}