{"id":796,"date":"2011-07-31T17:46:23","date_gmt":"2011-07-31T17:46:23","guid":{"rendered":"http:\/\/www.mgv-concordia-nw.de\/?p=796"},"modified":"2011-12-28T12:49:18","modified_gmt":"2011-12-28T12:49:18","slug":"konzert-fur-lindacher-sanger","status":"publish","type":"post","link":"https:\/\/www.mgv-concordia-nw.de\/?p=796","title":{"rendered":"Konzert f\u00fcr Lindacher S\u00e4nger"},"content":{"rendered":"<p style=\"text-align: justify;\">Ein gro\u00dfes Konzert zum Jubil\u00e4um.  Der gemischte Chor aus Lindach feiert in diesem Jahr sein 90j\u00e4hriges Jubil\u00e4um. Aus diesem Anlass findet am Freitag den <strong>21. Oktober um 19 Uhr<\/strong> ein Konzert im ev. Gemeindezentrum statt.<\/p>\n<p style=\"text-align: justify;\">Unter der Leitung von Dirigent Tobias Soldner wirken noch der MGV Concordia Neckarwimmersbach und der Akkordarbeiterchor \u2013 der kleinste Chor in Eberbach mit. Der gemischte Chor Lindach und der MGV Concordia werden mit einigen Liedern gemeinsam auftreten.<\/p>\n","protected":false},"excerpt":{"rendered":"<p>Ein gro\u00dfes Konzert zum Jubil\u00e4um. Der gemischte Chor aus Lindach feiert in diesem Jahr sein 90j\u00e4hriges Jubil\u00e4um. Aus diesem Anlass findet am Freitag den 21. Oktober um 19 Uhr ein Konzert im ev. Gemeindezentrum statt. Unter der Leitung von Dirigent Tobias Soldner wirken noch der MGV Concordia Neckarwimmersbach und der Akkordarbeiterchor \u2013 der kleinste Chor [&hellip;]<\/p>\n","protected":false},"author":1,"featured_media":0,"comment_status":"open","ping_status":"open","sticky":false,"template":"","format":"standard","meta":{"ngg_post_thumbnail":0,"footnotes":""},"categories":[23,16],"tags":[50,49,47,48],"class_list":["post-796","post","type-post","status-publish","format-standard","hentry","category-liveauftritt","category-termine","tag-akkordarbeiterchor","tag-haag","tag-konzert","tag-lindach"],"blocksy_meta":[],"_links":{"self":[{"href":"https:\/\/www.mgv-concordia-nw.de\/index.php?rest_route=\/wp\/v2\/posts\/796","targetHints":{"allow":["GET"]}}],"collection":[{"href":"https:\/\/www.mgv-concordia-nw.de\/index.php?rest_route=\/wp\/v2\/posts"}],"about":[{"href":"https:\/\/www.mgv-concordia-nw.de\/index.php?rest_route=\/wp\/v2\/types\/post"}],"author":[{"embeddable":true,"href":"https:\/\/www.mgv-concordia-nw.de\/index.php?rest_route=\/wp\/v2\/users\/1"}],"replies":[{"embeddable":true,"href":"https:\/\/www.mgv-concordia-nw.de\/index.php?rest_route=%2Fwp%2Fv2%2Fcomments&post=796"}],"version-history":[{"count":5,"href":"https:\/\/www.mgv-concordia-nw.de\/index.php?rest_route=\/wp\/v2\/posts\/796\/revisions"}],"predecessor-version":[{"id":866,"href":"https:\/\/www.mgv-concordia-nw.de\/index.php?rest_route=\/wp\/v2\/posts\/796\/revisions\/866"}],"wp:attachment":[{"href":"https:\/\/www.mgv-concordia-nw.de\/index.php?rest_route=%2Fwp%2Fv2%2Fmedia&parent=796"}],"wp:term":[{"taxonomy":"category","embeddable":true,"href":"https:\/\/www.mgv-concordia-nw.de\/index.php?rest_route=%2Fwp%2Fv2%2Fcategories&post=796"},{"taxonomy":"post_tag","embeddable":true,"href":"https:\/\/www.mgv-concordia-nw.de\/index.php?rest_route=%2Fwp%2Fv2%2Ftags&post=796"}],"curies":[{"name":"wp","href":"https:\/\/api.w.org\/{rel}","templated":true}]}}