{"id":231,"date":"2010-12-07T12:47:59","date_gmt":"2010-12-07T12:47:59","guid":{"rendered":"http:\/\/www.mgv-concordia-nw.de\/?p=231"},"modified":"2010-12-08T08:35:21","modified_gmt":"2010-12-08T08:35:21","slug":"nikolaus-beschenkte-die-kleinen-in-der-concordia-hutte","status":"publish","type":"post","link":"https:\/\/www.mgv-concordia-nw.de\/?p=231","title":{"rendered":"Nikolaus beschenkte die Kleinen in der Concordia-H\u00fctte"},"content":{"rendered":"<h3><strong>Nikolaus besuchte die Kinder in der Concordia H\u00fctte<\/strong><\/h3>\n<figure id=\"attachment_235\" aria-describedby=\"caption-attachment-235\" style=\"width: 340px\" class=\"wp-caption alignleft\"><a href=\"https:\/\/www.mgv-concordia-nw.de\/wordpress\/wp-content\/uploads\/2010\/12\/MGV-Nikollaus-06-12-2010-011_web.jpg\"><img loading=\"lazy\" decoding=\"async\" class=\"size-medium wp-image-235\" title=\"Der Nikolaus besucht die Kinder in der Concordia H\u00fctte 2010\" src=\"https:\/\/www.mgv-concordia-nw.de\/wordpress\/wp-content\/uploads\/2010\/12\/MGV-Nikollaus-06-12-2010-011_web-340x226.jpg\" alt=\"Der Nikolaus besucht die Kinder in der Concordia H\u00fctte 2010\" width=\"340\" height=\"226\" srcset=\"https:\/\/www.mgv-concordia-nw.de\/wordpress\/wp-content\/uploads\/2010\/12\/MGV-Nikollaus-06-12-2010-011_web-340x226.jpg 340w, https:\/\/www.mgv-concordia-nw.de\/wordpress\/wp-content\/uploads\/2010\/12\/MGV-Nikollaus-06-12-2010-011_web-740x493.jpg 740w, https:\/\/www.mgv-concordia-nw.de\/wordpress\/wp-content\/uploads\/2010\/12\/MGV-Nikollaus-06-12-2010-011_web.jpg 933w\" sizes=\"auto, (max-width: 340px) 100vw, 340px\" \/><\/a><figcaption id=\"caption-attachment-235\" class=\"wp-caption-text\">Der Nikolaus besucht die Kinder in der Concordia H\u00fctte 2010<\/figcaption><\/figure>\n<p style=\"text-align: justify;\">Trotz schlechter Wetterbedingungen stattete der Nikolaus den Kindern, die in die Concordia H\u00fctte nach Eberbach-Neckarwimmersbach kamen, einen Besuch ab.<br \/>\nDie Kinder begr\u00fc\u00dften den heiligen Mann mit einem vorweihnachtlichen Lied und trugen anschlie\u00dfend ihre Gedichte vor. Der Nikolaus belohnte sie daf\u00fcr mit einem Geschenk.<\/p>\n","protected":false},"excerpt":{"rendered":"<p>Nikolaus besuchte die Kinder in der Concordia H\u00fctte Trotz schlechter Wetterbedingungen stattete der Nikolaus den Kindern, die in die Concordia H\u00fctte nach Eberbach-Neckarwimmersbach kamen, einen Besuch ab. Die Kinder begr\u00fc\u00dften den heiligen Mann mit einem vorweihnachtlichen Lied und trugen anschlie\u00dfend ihre Gedichte vor. Der Nikolaus belohnte sie daf\u00fcr mit einem Geschenk.<\/p>\n","protected":false},"author":1,"featured_media":0,"comment_status":"open","ping_status":"open","sticky":false,"template":"","format":"standard","meta":{"ngg_post_thumbnail":0,"footnotes":""},"categories":[12,14],"tags":[60,18,17,61],"class_list":["post-231","post","type-post","status-publish","format-standard","hentry","category-concordia-hutte","category-nikolausfeier","tag-concordia-hutte","tag-kinder-mit-nikolaus","tag-nikolaus-2010","tag-nikolausfeier"],"blocksy_meta":[],"_links":{"self":[{"href":"https:\/\/www.mgv-concordia-nw.de\/index.php?rest_route=\/wp\/v2\/posts\/231","targetHints":{"allow":["GET"]}}],"collection":[{"href":"https:\/\/www.mgv-concordia-nw.de\/index.php?rest_route=\/wp\/v2\/posts"}],"about":[{"href":"https:\/\/www.mgv-concordia-nw.de\/index.php?rest_route=\/wp\/v2\/types\/post"}],"author":[{"embeddable":true,"href":"https:\/\/www.mgv-concordia-nw.de\/index.php?rest_route=\/wp\/v2\/users\/1"}],"replies":[{"embeddable":true,"href":"https:\/\/www.mgv-concordia-nw.de\/index.php?rest_route=%2Fwp%2Fv2%2Fcomments&post=231"}],"version-history":[{"count":6,"href":"https:\/\/www.mgv-concordia-nw.de\/index.php?rest_route=\/wp\/v2\/posts\/231\/revisions"}],"predecessor-version":[{"id":291,"href":"https:\/\/www.mgv-concordia-nw.de\/index.php?rest_route=\/wp\/v2\/posts\/231\/revisions\/291"}],"wp:attachment":[{"href":"https:\/\/www.mgv-concordia-nw.de\/index.php?rest_route=%2Fwp%2Fv2%2Fmedia&parent=231"}],"wp:term":[{"taxonomy":"category","embeddable":true,"href":"https:\/\/www.mgv-concordia-nw.de\/index.php?rest_route=%2Fwp%2Fv2%2Fcategories&post=231"},{"taxonomy":"post_tag","embeddable":true,"href":"https:\/\/www.mgv-concordia-nw.de\/index.php?rest_route=%2Fwp%2Fv2%2Ftags&post=231"}],"curies":[{"name":"wp","href":"https:\/\/api.w.org\/{rel}","templated":true}]}}