{"id":1575,"date":"2022-04-21T06:27:29","date_gmt":"2022-04-21T06:27:29","guid":{"rendered":"http:\/\/www.mgv-concordia-nw.de\/?p=1575"},"modified":"2022-04-21T17:11:13","modified_gmt":"2022-04-21T17:11:13","slug":"endlich-wieder-waldfest-rund-um-die-concordia-huette-in-neckarwimmersbach","status":"publish","type":"post","link":"https:\/\/www.mgv-concordia-nw.de\/?p=1575","title":{"rendered":"Endlich wieder Waldfest rund um die Concordia H\u00fctte in Neckarwimmersbach"},"content":{"rendered":"\n<p>Der MGV Concordia Neckarwimmersbach veranstaltet am&nbsp;<strong>26. Mai 2022 \u2013 Christi Himmelfahrtstag<\/strong>&nbsp;sein traditionelles&nbsp;<strong>Waldfest rund um die Concordia H\u00fctte<\/strong>.<\/p>\n\n\n\n<p>Hierzu sind alle&nbsp; herzlich eingeladen. Das traditionelle Fest beginnt um 11.00 Uhr. Wie in jedem Jahr werden viele flei\u00dfige Helfer f\u00fcr das Wohl der Besucher sorgen.&nbsp;<\/p>\n\n\n\n<p>Wir w\u00fcnschen allen Besuchern einen sch\u00f6nen sonnigen Vater-Tag beim MGV Concordia rund um die Concordia-H\u00fctte in Eberbach Neckarwimmersbach.<\/p>\n","protected":false},"excerpt":{"rendered":"<p>Der MGV Concordia Neckarwimmersbach veranstaltet am&nbsp;26. Mai 2022 \u2013 Christi Himmelfahrtstag&nbsp;sein traditionelles&nbsp;Waldfest rund um die Concordia H\u00fctte. Hierzu sind alle&nbsp; herzlich eingeladen. Das traditionelle Fest beginnt um 11.00 Uhr. Wie in jedem Jahr werden viele flei\u00dfige Helfer f\u00fcr das Wohl der Besucher sorgen.&nbsp; Wir w\u00fcnschen allen Besuchern einen sch\u00f6nen sonnigen Vater-Tag beim MGV Concordia rund [&hellip;]<\/p>\n","protected":false},"author":1,"featured_media":0,"comment_status":"closed","ping_status":"closed","sticky":false,"template":"","format":"standard","meta":{"ngg_post_thumbnail":0,"footnotes":""},"categories":[1,12,16,5],"tags":[],"class_list":["post-1575","post","type-post","status-publish","format-standard","hentry","category-allgemein","category-concordia-hutte","category-termine","category-waldfest"],"blocksy_meta":[],"_links":{"self":[{"href":"https:\/\/www.mgv-concordia-nw.de\/index.php?rest_route=\/wp\/v2\/posts\/1575","targetHints":{"allow":["GET"]}}],"collection":[{"href":"https:\/\/www.mgv-concordia-nw.de\/index.php?rest_route=\/wp\/v2\/posts"}],"about":[{"href":"https:\/\/www.mgv-concordia-nw.de\/index.php?rest_route=\/wp\/v2\/types\/post"}],"author":[{"embeddable":true,"href":"https:\/\/www.mgv-concordia-nw.de\/index.php?rest_route=\/wp\/v2\/users\/1"}],"replies":[{"embeddable":true,"href":"https:\/\/www.mgv-concordia-nw.de\/index.php?rest_route=%2Fwp%2Fv2%2Fcomments&post=1575"}],"version-history":[{"count":4,"href":"https:\/\/www.mgv-concordia-nw.de\/index.php?rest_route=\/wp\/v2\/posts\/1575\/revisions"}],"predecessor-version":[{"id":1582,"href":"https:\/\/www.mgv-concordia-nw.de\/index.php?rest_route=\/wp\/v2\/posts\/1575\/revisions\/1582"}],"wp:attachment":[{"href":"https:\/\/www.mgv-concordia-nw.de\/index.php?rest_route=%2Fwp%2Fv2%2Fmedia&parent=1575"}],"wp:term":[{"taxonomy":"category","embeddable":true,"href":"https:\/\/www.mgv-concordia-nw.de\/index.php?rest_route=%2Fwp%2Fv2%2Fcategories&post=1575"},{"taxonomy":"post_tag","embeddable":true,"href":"https:\/\/www.mgv-concordia-nw.de\/index.php?rest_route=%2Fwp%2Fv2%2Ftags&post=1575"}],"curies":[{"name":"wp","href":"https:\/\/api.w.org\/{rel}","templated":true}]}}