{"id":1520,"date":"2020-02-26T08:35:18","date_gmt":"2020-02-26T08:35:18","guid":{"rendered":"http:\/\/www.mgv-concordia-nw.de\/?p=1520"},"modified":"2026-03-02T13:09:26","modified_gmt":"2026-03-02T13:09:26","slug":"huettengaudi-beim-mgv-concordia","status":"publish","type":"post","link":"https:\/\/www.mgv-concordia-nw.de\/?p=1520","title":{"rendered":"H\u00fcttengaudi beim MGV Concordia"},"content":{"rendered":"\n<p>Am Samstag, 22.Februar 2020 feierte der MGV Concordia seine traditionelle H\u00fcttenfastnacht, die seit 25 Jahre in der Concordia-H\u00fctte stattfindet.<\/p>\n\n\n\n<p>In der bis auf den letzten Platz belegten Concordia H\u00fctte ging es am Samstag hoch her. B\u00fcttenreden und Klamauk Auftritte der Vereinsmitglieder unterhielten die zahlreichen Besucher bestens. Diese dankten es den Akteuren mit ihrem Applaus. Wie in jedem Jahr traten einige Gastgruppen der KG Urmel und KG Eulenspiegel auf. Ebenso waren einige Elferr\u00e4te von den beiden Vereinen anwesend, sowie eine Abordnung der KG Kuckuck. Bis in den fr\u00fchen Morgen wurde noch gefeiert.<\/p>\n\n\n\n<figure class=\"wp-block-image size-large\"><img loading=\"lazy\" decoding=\"async\" width=\"740\" height=\"555\" src=\"https:\/\/www.mgv-concordia-nw.de\/wordpress\/wp-content\/uploads\/2020\/02\/CIMG1016-740x555.jpg\" alt=\"\" class=\"wp-image-1526\" srcset=\"https:\/\/www.mgv-concordia-nw.de\/wordpress\/wp-content\/uploads\/2020\/02\/CIMG1016-740x555.jpg 740w, https:\/\/www.mgv-concordia-nw.de\/wordpress\/wp-content\/uploads\/2020\/02\/CIMG1016-340x255.jpg 340w, https:\/\/www.mgv-concordia-nw.de\/wordpress\/wp-content\/uploads\/2020\/02\/CIMG1016-768x576.jpg 768w, https:\/\/www.mgv-concordia-nw.de\/wordpress\/wp-content\/uploads\/2020\/02\/CIMG1016-1536x1152.jpg 1536w, https:\/\/www.mgv-concordia-nw.de\/wordpress\/wp-content\/uploads\/2020\/02\/CIMG1016-2048x1536.jpg 2048w\" sizes=\"auto, (max-width: 740px) 100vw, 740px\" \/><figcaption>Bild 1: von links nach rechts:<br>Eduard Kopca, Josef Rumbach, Erika Kopca, Gisela Malotke und Katharina Dir<\/figcaption><\/figure>\n\n\n\n<figure class=\"wp-block-image size-large\"><img loading=\"lazy\" decoding=\"async\" width=\"740\" height=\"555\" src=\"https:\/\/www.mgv-concordia-nw.de\/wordpress\/wp-content\/uploads\/2020\/02\/CIMG1023-740x555.jpg\" alt=\"\" class=\"wp-image-1525\" srcset=\"https:\/\/www.mgv-concordia-nw.de\/wordpress\/wp-content\/uploads\/2020\/02\/CIMG1023-740x555.jpg 740w, https:\/\/www.mgv-concordia-nw.de\/wordpress\/wp-content\/uploads\/2020\/02\/CIMG1023-340x255.jpg 340w, https:\/\/www.mgv-concordia-nw.de\/wordpress\/wp-content\/uploads\/2020\/02\/CIMG1023-768x576.jpg 768w, https:\/\/www.mgv-concordia-nw.de\/wordpress\/wp-content\/uploads\/2020\/02\/CIMG1023-1536x1152.jpg 1536w, https:\/\/www.mgv-concordia-nw.de\/wordpress\/wp-content\/uploads\/2020\/02\/CIMG1023-2048x1536.jpg 2048w\" sizes=\"auto, (max-width: 740px) 100vw, 740px\" \/><figcaption>Bild 2: von links nach rechts:<br>Gisela Malotke, Eduard Kopca und Katharina Dir<\/figcaption><\/figure>\n\n\n\n<figure class=\"wp-block-image size-large\"><img loading=\"lazy\" decoding=\"async\" width=\"450\" height=\"600\" src=\"https:\/\/www.mgv-concordia-nw.de\/wordpress\/wp-content\/uploads\/2020\/02\/IMG_3202-450x600.jpg\" alt=\"\" class=\"wp-image-1527\" srcset=\"https:\/\/www.mgv-concordia-nw.de\/wordpress\/wp-content\/uploads\/2020\/02\/IMG_3202-450x600.jpg 450w, https:\/\/www.mgv-concordia-nw.de\/wordpress\/wp-content\/uploads\/2020\/02\/IMG_3202-340x453.jpg 340w, https:\/\/www.mgv-concordia-nw.de\/wordpress\/wp-content\/uploads\/2020\/02\/IMG_3202-768x1024.jpg 768w, https:\/\/www.mgv-concordia-nw.de\/wordpress\/wp-content\/uploads\/2020\/02\/IMG_3202-1152x1536.jpg 1152w, https:\/\/www.mgv-concordia-nw.de\/wordpress\/wp-content\/uploads\/2020\/02\/IMG_3202-1536x2048.jpg 1536w, https:\/\/www.mgv-concordia-nw.de\/wordpress\/wp-content\/uploads\/2020\/02\/IMG_3202-scaled.jpg 1920w\" sizes=\"auto, (max-width: 450px) 100vw, 450px\" \/><figcaption>Bild 3: Sitzungspr\u00e4sident Karlheinz Dir<\/figcaption><\/figure>\n\n\n\n<figure class=\"wp-block-image size-large\"><img loading=\"lazy\" decoding=\"async\" width=\"740\" height=\"555\" src=\"https:\/\/www.mgv-concordia-nw.de\/wordpress\/wp-content\/uploads\/2020\/02\/IMG_3233-740x555.jpg\" alt=\"\" class=\"wp-image-1528\" srcset=\"https:\/\/www.mgv-concordia-nw.de\/wordpress\/wp-content\/uploads\/2020\/02\/IMG_3233-740x555.jpg 740w, https:\/\/www.mgv-concordia-nw.de\/wordpress\/wp-content\/uploads\/2020\/02\/IMG_3233-340x255.jpg 340w, https:\/\/www.mgv-concordia-nw.de\/wordpress\/wp-content\/uploads\/2020\/02\/IMG_3233-768x576.jpg 768w, https:\/\/www.mgv-concordia-nw.de\/wordpress\/wp-content\/uploads\/2020\/02\/IMG_3233-1536x1152.jpg 1536w, https:\/\/www.mgv-concordia-nw.de\/wordpress\/wp-content\/uploads\/2020\/02\/IMG_3233-2048x1536.jpg 2048w\" sizes=\"auto, (max-width: 740px) 100vw, 740px\" \/><figcaption>Bild 4: Abordungen KG Urmel und KG Eulenspiegel<\/figcaption><\/figure>\n\n\n\n<figure class=\"wp-block-image size-large\"><img loading=\"lazy\" decoding=\"async\" width=\"740\" height=\"555\" src=\"https:\/\/www.mgv-concordia-nw.de\/wordpress\/wp-content\/uploads\/2020\/02\/IMG_3234-740x555.jpg\" alt=\"\" class=\"wp-image-1524\" srcset=\"https:\/\/www.mgv-concordia-nw.de\/wordpress\/wp-content\/uploads\/2020\/02\/IMG_3234-740x555.jpg 740w, https:\/\/www.mgv-concordia-nw.de\/wordpress\/wp-content\/uploads\/2020\/02\/IMG_3234-340x255.jpg 340w, https:\/\/www.mgv-concordia-nw.de\/wordpress\/wp-content\/uploads\/2020\/02\/IMG_3234-768x576.jpg 768w, https:\/\/www.mgv-concordia-nw.de\/wordpress\/wp-content\/uploads\/2020\/02\/IMG_3234-1536x1152.jpg 1536w, https:\/\/www.mgv-concordia-nw.de\/wordpress\/wp-content\/uploads\/2020\/02\/IMG_3234-2048x1536.jpg 2048w\" sizes=\"auto, (max-width: 740px) 100vw, 740px\" \/><figcaption>Bild 5: Abordung KG Kuckuck<\/figcaption><\/figure>\n\n\n\n<p><\/p>\n","protected":false},"excerpt":{"rendered":"<p>Am Samstag, 22.Februar 2020 feierte der MGV Concordia seine traditionelle H\u00fcttenfastnacht, die seit 25 Jahre in der Concordia-H\u00fctte stattfindet. In der bis auf den letzten Platz belegten Concordia H\u00fctte ging es am Samstag hoch her. B\u00fcttenreden und Klamauk Auftritte der Vereinsmitglieder unterhielten die zahlreichen Besucher bestens. Diese dankten es den Akteuren mit ihrem Applaus. Wie [&hellip;]<\/p>\n","protected":false},"author":1,"featured_media":0,"comment_status":"closed","ping_status":"closed","sticky":false,"template":"","format":"standard","meta":{"ngg_post_thumbnail":0,"footnotes":""},"categories":[1,35,23,16],"tags":[],"class_list":["post-1520","post","type-post","status-publish","format-standard","hentry","category-allgemein","category-huddefasching","category-liveauftritt","category-termine"],"blocksy_meta":[],"_links":{"self":[{"href":"https:\/\/www.mgv-concordia-nw.de\/index.php?rest_route=\/wp\/v2\/posts\/1520","targetHints":{"allow":["GET"]}}],"collection":[{"href":"https:\/\/www.mgv-concordia-nw.de\/index.php?rest_route=\/wp\/v2\/posts"}],"about":[{"href":"https:\/\/www.mgv-concordia-nw.de\/index.php?rest_route=\/wp\/v2\/types\/post"}],"author":[{"embeddable":true,"href":"https:\/\/www.mgv-concordia-nw.de\/index.php?rest_route=\/wp\/v2\/users\/1"}],"replies":[{"embeddable":true,"href":"https:\/\/www.mgv-concordia-nw.de\/index.php?rest_route=%2Fwp%2Fv2%2Fcomments&post=1520"}],"version-history":[{"count":2,"href":"https:\/\/www.mgv-concordia-nw.de\/index.php?rest_route=\/wp\/v2\/posts\/1520\/revisions"}],"predecessor-version":[{"id":1529,"href":"https:\/\/www.mgv-concordia-nw.de\/index.php?rest_route=\/wp\/v2\/posts\/1520\/revisions\/1529"}],"wp:attachment":[{"href":"https:\/\/www.mgv-concordia-nw.de\/index.php?rest_route=%2Fwp%2Fv2%2Fmedia&parent=1520"}],"wp:term":[{"taxonomy":"category","embeddable":true,"href":"https:\/\/www.mgv-concordia-nw.de\/index.php?rest_route=%2Fwp%2Fv2%2Fcategories&post=1520"},{"taxonomy":"post_tag","embeddable":true,"href":"https:\/\/www.mgv-concordia-nw.de\/index.php?rest_route=%2Fwp%2Fv2%2Ftags&post=1520"}],"curies":[{"name":"wp","href":"https:\/\/api.w.org\/{rel}","templated":true}]}}