{"id":1512,"date":"2020-01-22T06:48:39","date_gmt":"2020-01-22T06:48:39","guid":{"rendered":"http:\/\/www.mgv-concordia-nw.de\/?p=1512"},"modified":"2026-03-02T13:01:43","modified_gmt":"2026-03-02T13:01:43","slug":"wimmerschbacher-hueddefasching-2020","status":"publish","type":"post","link":"https:\/\/www.mgv-concordia-nw.de\/?p=1512","title":{"rendered":"Wimmerschbacher H\u00fcddefasching 2020"},"content":{"rendered":"\n<p><strong>Am Samstag den 22.Februar 2020 geht es ab 19.11 Uhr rund in der Concordia H\u00fctte.<\/strong><\/p>\n\n\n\n<p>Der MGV Concordia veranstaltet seine traditionelle H\u00fcttenfastnacht. Mit einem bunten Programm aus B\u00fcttenreden, Tanz und Klamauk.<\/p>\n\n\n\n<p>Zu dieser Veranstaltung werden auch wieder Abordnungen der KG Urmel, KG Eulenspiegel und KG Kuckuck erwartet.&nbsp;<\/p>\n\n\n\n<p><em>Die &#8222;H\u00fcdde&#8220; ist ab 17.30 Uhr ge\u00f6ffnet. Der Eintritt ist frei.<\/em><\/p>\n","protected":false},"excerpt":{"rendered":"<p>Am Samstag den 22.Februar 2020 geht es ab 19.11 Uhr rund in der Concordia H\u00fctte. Der MGV Concordia veranstaltet seine traditionelle H\u00fcttenfastnacht. Mit einem bunten Programm aus B\u00fcttenreden, Tanz und Klamauk. Zu dieser Veranstaltung werden auch wieder Abordnungen der KG Urmel, KG Eulenspiegel und KG Kuckuck erwartet.&nbsp; Die &#8222;H\u00fcdde&#8220; ist ab 17.30 Uhr ge\u00f6ffnet. Der [&hellip;]<\/p>\n","protected":false},"author":1,"featured_media":0,"comment_status":"open","ping_status":"open","sticky":false,"template":"","format":"standard","meta":{"ngg_post_thumbnail":0,"footnotes":""},"categories":[12,35,23,16],"tags":[],"class_list":["post-1512","post","type-post","status-publish","format-standard","hentry","category-concordia-hutte","category-huddefasching","category-liveauftritt","category-termine"],"blocksy_meta":[],"_links":{"self":[{"href":"https:\/\/www.mgv-concordia-nw.de\/index.php?rest_route=\/wp\/v2\/posts\/1512","targetHints":{"allow":["GET"]}}],"collection":[{"href":"https:\/\/www.mgv-concordia-nw.de\/index.php?rest_route=\/wp\/v2\/posts"}],"about":[{"href":"https:\/\/www.mgv-concordia-nw.de\/index.php?rest_route=\/wp\/v2\/types\/post"}],"author":[{"embeddable":true,"href":"https:\/\/www.mgv-concordia-nw.de\/index.php?rest_route=\/wp\/v2\/users\/1"}],"replies":[{"embeddable":true,"href":"https:\/\/www.mgv-concordia-nw.de\/index.php?rest_route=%2Fwp%2Fv2%2Fcomments&post=1512"}],"version-history":[{"count":1,"href":"https:\/\/www.mgv-concordia-nw.de\/index.php?rest_route=\/wp\/v2\/posts\/1512\/revisions"}],"predecessor-version":[{"id":1513,"href":"https:\/\/www.mgv-concordia-nw.de\/index.php?rest_route=\/wp\/v2\/posts\/1512\/revisions\/1513"}],"wp:attachment":[{"href":"https:\/\/www.mgv-concordia-nw.de\/index.php?rest_route=%2Fwp%2Fv2%2Fmedia&parent=1512"}],"wp:term":[{"taxonomy":"category","embeddable":true,"href":"https:\/\/www.mgv-concordia-nw.de\/index.php?rest_route=%2Fwp%2Fv2%2Fcategories&post=1512"},{"taxonomy":"post_tag","embeddable":true,"href":"https:\/\/www.mgv-concordia-nw.de\/index.php?rest_route=%2Fwp%2Fv2%2Ftags&post=1512"}],"curies":[{"name":"wp","href":"https:\/\/api.w.org\/{rel}","templated":true}]}}