{"id":1507,"date":"2019-04-05T19:35:01","date_gmt":"2019-04-05T19:35:01","guid":{"rendered":"http:\/\/www.mgv-concordia-nw.de\/?p=1507"},"modified":"2019-04-05T19:36:24","modified_gmt":"2019-04-05T19:36:24","slug":"waldfest-rund-um-die-concordia-huette-2019","status":"publish","type":"post","link":"https:\/\/www.mgv-concordia-nw.de\/?p=1507","title":{"rendered":"Waldfest am Vatertag rund um die Concordia H\u00fctte 2019"},"content":{"rendered":"\n<p>Der MGV Concordia Neckarwimmersbach veranstaltet am <strong>30. Mai 2019 \u2013 Christi Himmelfahrtstag<\/strong> sein traditionelles <strong>Waldfest rund um die Concordia H\u00fctte<\/strong>.<\/p>\n\n\n\n<p>Hierzu sind alle&nbsp; herzlich eingeladen. Das traditionelle Fest beginnt um 11.00 Uhr. Wie in jedem Jahr werden viele flei\u00dfige Helfer f\u00fcr das Wohl der Besucher bem\u00fcht sein.&nbsp;<\/p>\n\n\n\n<p>Wir w\u00fcnschen allen Besuchern einen sch\u00f6nen Vater-Tag beim MGV Concordia.<br><\/p>\n","protected":false},"excerpt":{"rendered":"<p>Der MGV Concordia Neckarwimmersbach veranstaltet am 30. Mai 2019 \u2013 Christi Himmelfahrtstag sein traditionelles Waldfest rund um die Concordia H\u00fctte. Hierzu sind alle&nbsp; herzlich eingeladen. Das traditionelle Fest beginnt um 11.00 Uhr. Wie in jedem Jahr werden viele flei\u00dfige Helfer f\u00fcr das Wohl der Besucher bem\u00fcht sein.&nbsp; Wir w\u00fcnschen allen Besuchern einen sch\u00f6nen Vater-Tag beim [&hellip;]<\/p>\n","protected":false},"author":1,"featured_media":0,"comment_status":"closed","ping_status":"closed","sticky":false,"template":"","format":"standard","meta":{"ngg_post_thumbnail":0,"footnotes":""},"categories":[12,16,5],"tags":[],"class_list":["post-1507","post","type-post","status-publish","format-standard","hentry","category-concordia-hutte","category-termine","category-waldfest"],"blocksy_meta":[],"_links":{"self":[{"href":"https:\/\/www.mgv-concordia-nw.de\/index.php?rest_route=\/wp\/v2\/posts\/1507","targetHints":{"allow":["GET"]}}],"collection":[{"href":"https:\/\/www.mgv-concordia-nw.de\/index.php?rest_route=\/wp\/v2\/posts"}],"about":[{"href":"https:\/\/www.mgv-concordia-nw.de\/index.php?rest_route=\/wp\/v2\/types\/post"}],"author":[{"embeddable":true,"href":"https:\/\/www.mgv-concordia-nw.de\/index.php?rest_route=\/wp\/v2\/users\/1"}],"replies":[{"embeddable":true,"href":"https:\/\/www.mgv-concordia-nw.de\/index.php?rest_route=%2Fwp%2Fv2%2Fcomments&post=1507"}],"version-history":[{"count":3,"href":"https:\/\/www.mgv-concordia-nw.de\/index.php?rest_route=\/wp\/v2\/posts\/1507\/revisions"}],"predecessor-version":[{"id":1510,"href":"https:\/\/www.mgv-concordia-nw.de\/index.php?rest_route=\/wp\/v2\/posts\/1507\/revisions\/1510"}],"wp:attachment":[{"href":"https:\/\/www.mgv-concordia-nw.de\/index.php?rest_route=%2Fwp%2Fv2%2Fmedia&parent=1507"}],"wp:term":[{"taxonomy":"category","embeddable":true,"href":"https:\/\/www.mgv-concordia-nw.de\/index.php?rest_route=%2Fwp%2Fv2%2Fcategories&post=1507"},{"taxonomy":"post_tag","embeddable":true,"href":"https:\/\/www.mgv-concordia-nw.de\/index.php?rest_route=%2Fwp%2Fv2%2Ftags&post=1507"}],"curies":[{"name":"wp","href":"https:\/\/api.w.org\/{rel}","templated":true}]}}