{"id":1504,"date":"2019-04-05T19:32:01","date_gmt":"2019-04-05T19:32:01","guid":{"rendered":"http:\/\/www.mgv-concordia-nw.de\/?p=1504"},"modified":"2019-04-05T19:33:09","modified_gmt":"2019-04-05T19:33:09","slug":"mitgliederversammlung-2019","status":"publish","type":"post","link":"https:\/\/www.mgv-concordia-nw.de\/?p=1504","title":{"rendered":"Mitgliederversammlung 2019"},"content":{"rendered":"\n<p style=\"text-align:left\">Am Montag, den 25. M\u00e4rz hatte der MGV\u00a0Concordia seine Jahreshauptversammlung in der Concordia H\u00fctte. <\/p>\n\n\n\n<p>Der erste Vorsitzende Karlheinz Dir begr\u00fc\u00dfte die\u00a0Mitglieder\u00a0 sowie die Ehrenmitglieder Ortwin Wettig, Karl Berger und Josef Rumbach. <br>Durch den zweiten Vorsitzenden Eduard Kopca gedachte man\u00a0den Verstorbenen Mitgliedern des Vereins Volker Karl, Christl Blutbacher und Christoph Moderer.\u00a0Anschlie\u00dfend wurde das Protokoll der letzten\u00a0Mitgliederversammlung und der umfangreiche T\u00e4tigkeitsbericht\u00a02018 vom Schriftf\u00fchrer Gerhard Beisel vorgetragen. Kassier Martin Epp legte ein gut gef\u00fchrtes Kassenbuch mit\u00a0geordneten Finanzen vor. Die Kassenpr\u00fcfer Frieder Wettig und\u00a0Gisela Malotke bescheinigte dem Kassenwart eine saubere\u00a0Buchf\u00fchrung.\u00a0H\u00fcttenwart Josef Rumbach berichtete von der Belegung der\u00a0H\u00fctte sowie von verschiedenen Arbeiten in und um die H\u00fctte\u00a0die im vergangenen Jahr durchgef\u00fchrt wurde. Er bedankte sich\u00a0bei der Vorstandschaft und bei allen die bei div. Arbeiten\u00a0mitgeholfen haben, sowie bei der G\u00e4rtnerei Emmerich f\u00fcr die\u00a0Blumenspende \u00fcber das Jahr.\u00a0Ein Chorleiterbericht konnte nicht vorgetragen werden, weil Jun Won Lee an diesem Tage\u00a0 verhindert war.\u00a0 Er lie\u00df aber durch den 2. Vorsitzenden mitteilen, dass er mit der S\u00e4ngert\u00e4tigkeit zufrieden ist. Als Kassenpr\u00fcfer f\u00fcr 2019 wurden Frieder Wettig und Gisela Malotke vorgeschlagen. Die Wahl erfolgte bei beiden einstimmig und per Handzeichen. <br>Die Entlastung der Vorstandschaft beantragte Hermann Hold. Er lobte die Arbeit der Vorstandschaft und machte deutlich, wie wichtig die einzelnen \u00c4mter sind. Die Vorstandschaft wurde einstimmig entlastet. <br>Zum Schluss bedankte sich der 1. Vorsitzende Karlheinz Dirf\u00fcr die tolle Gemeinschaft, Zusammenarbeit und \u00fcber den\u00a0guten Singstundenbesuch der Chorgemeinschaft.<\/p>\n","protected":false},"excerpt":{"rendered":"<p>Am Montag, den 25. M\u00e4rz hatte der MGV\u00a0Concordia seine Jahreshauptversammlung in der Concordia H\u00fctte. Der erste Vorsitzende Karlheinz Dir begr\u00fc\u00dfte die\u00a0Mitglieder\u00a0 sowie die Ehrenmitglieder Ortwin Wettig, Karl Berger und Josef Rumbach. Durch den zweiten Vorsitzenden Eduard Kopca gedachte man\u00a0den Verstorbenen Mitgliedern des Vereins Volker Karl, Christl Blutbacher und Christoph Moderer.\u00a0Anschlie\u00dfend wurde das Protokoll der letzten\u00a0Mitgliederversammlung [&hellip;]<\/p>\n","protected":false},"author":1,"featured_media":0,"comment_status":"closed","ping_status":"closed","sticky":false,"template":"","format":"standard","meta":{"ngg_post_thumbnail":0,"footnotes":""},"categories":[1,12,40],"tags":[],"class_list":["post-1504","post","type-post","status-publish","format-standard","hentry","category-allgemein","category-concordia-hutte","category-mitgliederversammlung"],"blocksy_meta":[],"_links":{"self":[{"href":"https:\/\/www.mgv-concordia-nw.de\/index.php?rest_route=\/wp\/v2\/posts\/1504","targetHints":{"allow":["GET"]}}],"collection":[{"href":"https:\/\/www.mgv-concordia-nw.de\/index.php?rest_route=\/wp\/v2\/posts"}],"about":[{"href":"https:\/\/www.mgv-concordia-nw.de\/index.php?rest_route=\/wp\/v2\/types\/post"}],"author":[{"embeddable":true,"href":"https:\/\/www.mgv-concordia-nw.de\/index.php?rest_route=\/wp\/v2\/users\/1"}],"replies":[{"embeddable":true,"href":"https:\/\/www.mgv-concordia-nw.de\/index.php?rest_route=%2Fwp%2Fv2%2Fcomments&post=1504"}],"version-history":[{"count":2,"href":"https:\/\/www.mgv-concordia-nw.de\/index.php?rest_route=\/wp\/v2\/posts\/1504\/revisions"}],"predecessor-version":[{"id":1506,"href":"https:\/\/www.mgv-concordia-nw.de\/index.php?rest_route=\/wp\/v2\/posts\/1504\/revisions\/1506"}],"wp:attachment":[{"href":"https:\/\/www.mgv-concordia-nw.de\/index.php?rest_route=%2Fwp%2Fv2%2Fmedia&parent=1504"}],"wp:term":[{"taxonomy":"category","embeddable":true,"href":"https:\/\/www.mgv-concordia-nw.de\/index.php?rest_route=%2Fwp%2Fv2%2Fcategories&post=1504"},{"taxonomy":"post_tag","embeddable":true,"href":"https:\/\/www.mgv-concordia-nw.de\/index.php?rest_route=%2Fwp%2Fv2%2Ftags&post=1504"}],"curies":[{"name":"wp","href":"https:\/\/api.w.org\/{rel}","templated":true}]}}