{"id":1495,"date":"2019-03-17T17:33:05","date_gmt":"2019-03-17T17:33:05","guid":{"rendered":"http:\/\/www.mgv-concordia-nw.de\/?p=1495"},"modified":"2019-03-17T17:33:05","modified_gmt":"2019-03-17T17:33:05","slug":"naerrische-riesengaudi-beim-mgv-concordia","status":"publish","type":"post","link":"https:\/\/www.mgv-concordia-nw.de\/?p=1495","title":{"rendered":"N\u00e4rrische Riesengaudi beim MGV Concordia"},"content":{"rendered":"\n<p>Am Samstag den 02. M\u00e4rz 2019 steppte der B\u00e4r in der Concordia H\u00fctte. Der MGV Concordia feierte seine traditionelle H\u00fcttenfastnacht, die nun schon zum 24. Mal in der Concordia H\u00fctte abgehalten wird.<\/p>\n\n\n\n<p>Den Besuchern wurde ein abwechslungsreiches Programm geboten, mit zahlreichen B\u00fcttenreden und Klamaukauftritten von Vereinsmitgliedern. Die Akteure wurden mit viel Applaus belohnt. Au\u00dferdem traten einige Gruppen der KG Urmel und KG Eulenspiegel auf.<\/p>\n\n\n\n<p>Bis in die fr\u00fchen Morgenstunden wurde bei toller Musik in der Concordia H\u00fctte noch gefeiert und getanzt.<br><\/p>\n\n\n\n<p>Auch die Abordnungen der KG Kuckuck, KG Urmel sowie der KG Eulenspiegel besuchten die S\u00e4nger der Concordia.<\/p>\n\n\n\n<figure class=\"wp-block-image\"><img loading=\"lazy\" decoding=\"async\" width=\"740\" height=\"416\" src=\"https:\/\/www.mgv-concordia-nw.de\/wordpress\/wp-content\/uploads\/2019\/03\/IMG_8990-740x416.jpg\" alt=\"\" class=\"wp-image-1497\" srcset=\"https:\/\/www.mgv-concordia-nw.de\/wordpress\/wp-content\/uploads\/2019\/03\/IMG_8990-740x416.jpg 740w, https:\/\/www.mgv-concordia-nw.de\/wordpress\/wp-content\/uploads\/2019\/03\/IMG_8990-340x191.jpg 340w, https:\/\/www.mgv-concordia-nw.de\/wordpress\/wp-content\/uploads\/2019\/03\/IMG_8990-768x432.jpg 768w\" sizes=\"auto, (max-width: 740px) 100vw, 740px\" \/><\/figure>\n\n\n\n<figure class=\"wp-block-image\"><img loading=\"lazy\" decoding=\"async\" width=\"740\" height=\"416\" src=\"https:\/\/www.mgv-concordia-nw.de\/wordpress\/wp-content\/uploads\/2019\/03\/IMG_8939-740x416.jpg\" alt=\"\" class=\"wp-image-1498\" srcset=\"https:\/\/www.mgv-concordia-nw.de\/wordpress\/wp-content\/uploads\/2019\/03\/IMG_8939-740x416.jpg 740w, https:\/\/www.mgv-concordia-nw.de\/wordpress\/wp-content\/uploads\/2019\/03\/IMG_8939-340x191.jpg 340w, https:\/\/www.mgv-concordia-nw.de\/wordpress\/wp-content\/uploads\/2019\/03\/IMG_8939-768x432.jpg 768w\" sizes=\"auto, (max-width: 740px) 100vw, 740px\" \/><figcaption>\u00a0Gisela Malotke und Karlheinz Dir<\/figcaption><\/figure>\n\n\n\n<figure class=\"wp-block-image\"><img loading=\"lazy\" decoding=\"async\" width=\"740\" height=\"416\" src=\"https:\/\/www.mgv-concordia-nw.de\/wordpress\/wp-content\/uploads\/2019\/03\/IMG_9004-740x416.jpg\" alt=\"\" class=\"wp-image-1499\" srcset=\"https:\/\/www.mgv-concordia-nw.de\/wordpress\/wp-content\/uploads\/2019\/03\/IMG_9004-740x416.jpg 740w, https:\/\/www.mgv-concordia-nw.de\/wordpress\/wp-content\/uploads\/2019\/03\/IMG_9004-340x191.jpg 340w, https:\/\/www.mgv-concordia-nw.de\/wordpress\/wp-content\/uploads\/2019\/03\/IMG_9004-768x432.jpg 768w\" sizes=\"auto, (max-width: 740px) 100vw, 740px\" \/><figcaption>Josef Rumbach, Erika Kopca und Eduard Kopca<\/figcaption><\/figure>\n","protected":false},"excerpt":{"rendered":"<p>Am Samstag den 02. M\u00e4rz 2019 steppte der B\u00e4r in der Concordia H\u00fctte. Der MGV Concordia feierte seine traditionelle H\u00fcttenfastnacht, die nun schon zum 24. Mal in der Concordia H\u00fctte abgehalten wird. Den Besuchern wurde ein abwechslungsreiches Programm geboten, mit zahlreichen B\u00fcttenreden und Klamaukauftritten von Vereinsmitgliedern. Die Akteure wurden mit viel Applaus belohnt. Au\u00dferdem traten [&hellip;]<\/p>\n","protected":false},"author":1,"featured_media":0,"comment_status":"closed","ping_status":"closed","sticky":false,"template":"","format":"standard","meta":{"ngg_post_thumbnail":0,"footnotes":""},"categories":[1],"tags":[],"class_list":["post-1495","post","type-post","status-publish","format-standard","hentry","category-allgemein"],"blocksy_meta":[],"_links":{"self":[{"href":"https:\/\/www.mgv-concordia-nw.de\/index.php?rest_route=\/wp\/v2\/posts\/1495","targetHints":{"allow":["GET"]}}],"collection":[{"href":"https:\/\/www.mgv-concordia-nw.de\/index.php?rest_route=\/wp\/v2\/posts"}],"about":[{"href":"https:\/\/www.mgv-concordia-nw.de\/index.php?rest_route=\/wp\/v2\/types\/post"}],"author":[{"embeddable":true,"href":"https:\/\/www.mgv-concordia-nw.de\/index.php?rest_route=\/wp\/v2\/users\/1"}],"replies":[{"embeddable":true,"href":"https:\/\/www.mgv-concordia-nw.de\/index.php?rest_route=%2Fwp%2Fv2%2Fcomments&post=1495"}],"version-history":[{"count":2,"href":"https:\/\/www.mgv-concordia-nw.de\/index.php?rest_route=\/wp\/v2\/posts\/1495\/revisions"}],"predecessor-version":[{"id":1500,"href":"https:\/\/www.mgv-concordia-nw.de\/index.php?rest_route=\/wp\/v2\/posts\/1495\/revisions\/1500"}],"wp:attachment":[{"href":"https:\/\/www.mgv-concordia-nw.de\/index.php?rest_route=%2Fwp%2Fv2%2Fmedia&parent=1495"}],"wp:term":[{"taxonomy":"category","embeddable":true,"href":"https:\/\/www.mgv-concordia-nw.de\/index.php?rest_route=%2Fwp%2Fv2%2Fcategories&post=1495"},{"taxonomy":"post_tag","embeddable":true,"href":"https:\/\/www.mgv-concordia-nw.de\/index.php?rest_route=%2Fwp%2Fv2%2Ftags&post=1495"}],"curies":[{"name":"wp","href":"https:\/\/api.w.org\/{rel}","templated":true}]}}