{"id":1491,"date":"2019-02-07T18:35:35","date_gmt":"2019-02-07T18:35:35","guid":{"rendered":"http:\/\/www.mgv-concordia-nw.de\/?p=1491"},"modified":"2019-02-07T18:38:13","modified_gmt":"2019-02-07T18:38:13","slug":"wimmerschbacher-hueddefasching-4","status":"publish","type":"post","link":"https:\/\/www.mgv-concordia-nw.de\/?p=1491","title":{"rendered":"Wimmerschbacher H\u00fcddefasching"},"content":{"rendered":"\n<p><strong>Am Samstag den 02.M\u00e4rz 2019 geht es ab 19.11 Uhr rund in der Concordia H\u00fctte.<\/strong><\/p>\n\n\n\n<p>Der MGV Concordia veranstaltet seine traditionelle H\u00fcttenfastnacht. Mit einem bunten Programm aus B\u00fcttenreden, Tanz und Klamauk.<\/p>\n\n\n\n<p>Zu dieser Veranstaltung werden auch wieder Abordnungen der KG Urmel, KG Eulenspiegel und KG Kuckuck erwartet.&nbsp;<\/p>\n\n\n\n<p><em>Die H\u00fctte ist ab 17.30 Uhr ge\u00f6ffnet. Der Eintritt ist frei.<\/em><\/p>\n\n\n\n<p><br><\/p>\n","protected":false},"excerpt":{"rendered":"<p>Am Samstag den 02.M\u00e4rz 2019 geht es ab 19.11 Uhr rund in der Concordia H\u00fctte. Der MGV Concordia veranstaltet seine traditionelle H\u00fcttenfastnacht. Mit einem bunten Programm aus B\u00fcttenreden, Tanz und Klamauk. Zu dieser Veranstaltung werden auch wieder Abordnungen der KG Urmel, KG Eulenspiegel und KG Kuckuck erwartet.&nbsp; Die H\u00fctte ist ab 17.30 Uhr ge\u00f6ffnet. Der [&hellip;]<\/p>\n","protected":false},"author":1,"featured_media":0,"comment_status":"closed","ping_status":"closed","sticky":false,"template":"","format":"standard","meta":{"ngg_post_thumbnail":0,"footnotes":""},"categories":[1],"tags":[],"class_list":["post-1491","post","type-post","status-publish","format-standard","hentry","category-allgemein"],"blocksy_meta":[],"_links":{"self":[{"href":"https:\/\/www.mgv-concordia-nw.de\/index.php?rest_route=\/wp\/v2\/posts\/1491","targetHints":{"allow":["GET"]}}],"collection":[{"href":"https:\/\/www.mgv-concordia-nw.de\/index.php?rest_route=\/wp\/v2\/posts"}],"about":[{"href":"https:\/\/www.mgv-concordia-nw.de\/index.php?rest_route=\/wp\/v2\/types\/post"}],"author":[{"embeddable":true,"href":"https:\/\/www.mgv-concordia-nw.de\/index.php?rest_route=\/wp\/v2\/users\/1"}],"replies":[{"embeddable":true,"href":"https:\/\/www.mgv-concordia-nw.de\/index.php?rest_route=%2Fwp%2Fv2%2Fcomments&post=1491"}],"version-history":[{"count":2,"href":"https:\/\/www.mgv-concordia-nw.de\/index.php?rest_route=\/wp\/v2\/posts\/1491\/revisions"}],"predecessor-version":[{"id":1493,"href":"https:\/\/www.mgv-concordia-nw.de\/index.php?rest_route=\/wp\/v2\/posts\/1491\/revisions\/1493"}],"wp:attachment":[{"href":"https:\/\/www.mgv-concordia-nw.de\/index.php?rest_route=%2Fwp%2Fv2%2Fmedia&parent=1491"}],"wp:term":[{"taxonomy":"category","embeddable":true,"href":"https:\/\/www.mgv-concordia-nw.de\/index.php?rest_route=%2Fwp%2Fv2%2Fcategories&post=1491"},{"taxonomy":"post_tag","embeddable":true,"href":"https:\/\/www.mgv-concordia-nw.de\/index.php?rest_route=%2Fwp%2Fv2%2Ftags&post=1491"}],"curies":[{"name":"wp","href":"https:\/\/api.w.org\/{rel}","templated":true}]}}