{"id":1454,"date":"2018-04-08T08:17:22","date_gmt":"2018-04-08T08:17:22","guid":{"rendered":"http:\/\/www.mgv-concordia-nw.de\/?p=1454"},"modified":"2018-04-08T08:25:45","modified_gmt":"2018-04-08T08:25:45","slug":"wahlen-beim-mgv-concordia-neckarswimmersbach","status":"publish","type":"post","link":"https:\/\/www.mgv-concordia-nw.de\/?p=1454","title":{"rendered":"Wahlen beim MGV Concordia Neckarswimmersbach"},"content":{"rendered":"<p>Vorstand Gerhard Laritz begr\u00fc\u00dfte bei der k\u00fcrzlich stattgefundenen Mitgliederversammlung die anwesenden Mitglieder unter Ihnen auch Ehrenchorleiter Tobias Soldner, Ehrenmitglied Josef Rumbach und Chorleiter Jun Won Lee. Anschlie\u00dfend gab Gerhard Laritz bekannt, dass er bei den Neuwahlen als 1.Vorsitzender nicht mehr zur Verf\u00fcgung steht. Er bedankte sich f\u00fcr die gute zusammen Arbeit in den vergangenen Jahren und w\u00fcnschte dem Verein alles Gute.<\/p>\n<p>Anschlie\u00dfend wurde durch den zweiten Vorsitzenden Karlheinz Dir an die verstorbenen<span class=\"Apple-converted-space\">\u00a0 <\/span>Mitglieder des Vereins Rudolf Polivka und G\u00fcnter Schmitt gedacht.<\/p>\n<p>Gerhard Beisel las das Protokoll und Gerhard Laritz den T\u00e4tigkeitsbericht von 2017 vor.<\/p>\n<p>Kassier Martin Epp legte ein gut gef\u00fchrtes<span class=\"Apple-converted-space\">\u00a0 <\/span>Kassenbuch<span class=\"Apple-converted-space\">\u00a0 <\/span>mit geordneten Finanzen vor. Dies wurde von den Kassenpr\u00fcfer Eduard Kopca und Gisela Malotke best\u00e4tigt.<\/p>\n<p>H\u00fcttenwart Josef Rumbach berichtete von der Belegung der H\u00fctte sowie von verschiedenen Arbeiten in und um die H\u00fctte die im vergangenen Jahr durchgef\u00fchrt wurde. Er bedankte sich bei der Vorstandschaft und bei allen die bei div. Arbeiten mitgeholfen haben, sowie bei Erika Kopca f\u00fcr die Mithilfe in der Singstunde und bei Brigitte Strobl bei den Rentnernachmittagen und bei der G\u00e4rtnerei Emmerich f\u00fcr die Blumenspende \u00fcbers Jahr.<\/p>\n<p>Chorleiter Jun Won Lee Chorleiter Jun Won Lee bedankte sich bei der Vorstandschaft. Nach einem Jahr Zusammenarbeit meinte er die Chorgemeinschaft ist gut, k\u00f6nnte aber noch besser werden.<\/p>\n<p>Gerhard Laritz zog zwei Antr\u00e4ge zu Ernennungen von Ehrenmitgliedern vor. Diese sind Ortwin Wettig, Karl Berger, Ferdinand Kerling und Christoph Moderer. Die Antr\u00e4ge wurden einstimmig von der Versammlung angenommen. F\u00fcr die geehrten gab es eine Urkunde und ein Pr\u00e4sent vom Verein, die von den beiden Vorsitzenden \u00fcberreicht wurden.<span class=\"Apple-converted-space\">\u00a0<\/span><\/p>\n<p>Die Entlastung der Vorstandschaft \u00fcbernahm Tobias Soldner. Er bedankte sich bei der Vorstandschaft f\u00fcr die geleistete Arbeit. Die Entlastung war einstimmig. <span class=\"Apple-converted-space\">\u00a0 \u00a0 \u00a0<\/span><\/p>\n<p>F\u00fcr den Wahlleiter f\u00fcr die Neuwahlen wurde auch er gew\u00e4hlt. <span class=\"Apple-converted-space\">\u00a0 \u00a0 \u00a0 \u00a0<\/span><\/p>\n<p>Bei den anschlie\u00dfenden Wahlen wurden : 1.Vorsitzender Karlheinz Dir- 2.Vorsitzender Eduard Kopca- Kassier Martin Epp- Schriftf\u00fchrer Gerhard Beisel- H\u00fcttenwart Josef Rumbach- Beirat Wolfgang Och und Bernhard Strobl \u2013 alle einstimmig gew\u00e4hlt, sowie auch<span class=\"Apple-converted-space\">\u00a0 <\/span>Kassenpr\u00fcfer<span class=\"Apple-converted-space\">\u00a0 <\/span>Frieder Wettig und Gisela Malotke f\u00fcr das Jahr 2018.<\/p>\n<p>Zum Schluss<span class=\"Apple-converted-space\">\u00a0 <\/span>bedankte<span class=\"Apple-converted-space\">\u00a0 <\/span>sich der 1. Vorsitzende Karlheinz Dir f\u00fcr die tolle Gemeinschaft, Zusammenarbeit und \u00fcber den guten Singstundenbesuch der Chorgemeinschaft.<\/p>\n<p><span class=\"Apple-converted-space\">\u00a0<\/span><\/p>\n<div id='gallery-1' class='gallery galleryid-1454 gallery-columns-3 gallery-size-medium'><figure class='gallery-item'>\n\t\t\t<div class='gallery-icon landscape'>\n\t\t\t\t<a href='https:\/\/www.mgv-concordia-nw.de\/?attachment_id=1456'><img loading=\"lazy\" decoding=\"async\" width=\"340\" height=\"227\" src=\"https:\/\/www.mgv-concordia-nw.de\/wordpress\/wp-content\/uploads\/2018\/04\/CIMG0817-340x227.jpg\" class=\"attachment-medium size-medium\" alt=\"\" aria-describedby=\"gallery-1-1456\" srcset=\"https:\/\/www.mgv-concordia-nw.de\/wordpress\/wp-content\/uploads\/2018\/04\/CIMG0817-340x227.jpg 340w, https:\/\/www.mgv-concordia-nw.de\/wordpress\/wp-content\/uploads\/2018\/04\/CIMG0817-768x512.jpg 768w, https:\/\/www.mgv-concordia-nw.de\/wordpress\/wp-content\/uploads\/2018\/04\/CIMG0817-740x493.jpg 740w\" sizes=\"auto, (max-width: 340px) 100vw, 340px\" \/><\/a>\n\t\t\t<\/div>\n\t\t\t\t<figcaption class='wp-caption-text gallery-caption' id='gallery-1-1456'>\n\t\t\t\tBild 3: Die neue Vorstandschaft mit ihrem Dirigenten.\n\t\t\t\t<\/figcaption><\/figure><figure class='gallery-item'>\n\t\t\t<div class='gallery-icon landscape'>\n\t\t\t\t<a href='https:\/\/www.mgv-concordia-nw.de\/?attachment_id=1457'><img loading=\"lazy\" decoding=\"async\" width=\"340\" height=\"227\" src=\"https:\/\/www.mgv-concordia-nw.de\/wordpress\/wp-content\/uploads\/2018\/04\/CIMG0814-340x227.jpg\" class=\"attachment-medium size-medium\" alt=\"\" aria-describedby=\"gallery-1-1457\" srcset=\"https:\/\/www.mgv-concordia-nw.de\/wordpress\/wp-content\/uploads\/2018\/04\/CIMG0814-340x227.jpg 340w, https:\/\/www.mgv-concordia-nw.de\/wordpress\/wp-content\/uploads\/2018\/04\/CIMG0814-768x512.jpg 768w, https:\/\/www.mgv-concordia-nw.de\/wordpress\/wp-content\/uploads\/2018\/04\/CIMG0814-740x493.jpg 740w\" sizes=\"auto, (max-width: 340px) 100vw, 340px\" \/><\/a>\n\t\t\t<\/div>\n\t\t\t\t<figcaption class='wp-caption-text gallery-caption' id='gallery-1-1457'>\n\t\t\t\tBild 1: v.l.n.r: Karl Berger, Ortwin Wettig, Gerhard Laritz, Ferdinand Kerling,\n\nChristoph Moderer und Karheinz Dir.\n\t\t\t\t<\/figcaption><\/figure><figure class='gallery-item'>\n\t\t\t<div class='gallery-icon landscape'>\n\t\t\t\t<a href='https:\/\/www.mgv-concordia-nw.de\/?attachment_id=1458'><img loading=\"lazy\" decoding=\"async\" width=\"340\" height=\"227\" src=\"https:\/\/www.mgv-concordia-nw.de\/wordpress\/wp-content\/uploads\/2018\/04\/CIMG0816-340x227.jpg\" class=\"attachment-medium size-medium\" alt=\"\" aria-describedby=\"gallery-1-1458\" srcset=\"https:\/\/www.mgv-concordia-nw.de\/wordpress\/wp-content\/uploads\/2018\/04\/CIMG0816-340x227.jpg 340w, https:\/\/www.mgv-concordia-nw.de\/wordpress\/wp-content\/uploads\/2018\/04\/CIMG0816-768x512.jpg 768w, https:\/\/www.mgv-concordia-nw.de\/wordpress\/wp-content\/uploads\/2018\/04\/CIMG0816-740x493.jpg 740w\" sizes=\"auto, (max-width: 340px) 100vw, 340px\" \/><\/a>\n\t\t\t<\/div>\n\t\t\t\t<figcaption class='wp-caption-text gallery-caption' id='gallery-1-1458'>\n\t\t\t\tBild 2: Der 1.Vorstand Karlheinz Dir bedankt sich bei seinem Vorg\u00e4nger Gerhard Laritz f\u00fcr die geleistete Arbeit\n\t\t\t\t<\/figcaption><\/figure>\n\t\t<\/div>\n\n","protected":false},"excerpt":{"rendered":"<p>Vorstand Gerhard Laritz begr\u00fc\u00dfte bei der k\u00fcrzlich stattgefundenen Mitgliederversammlung die anwesenden Mitglieder unter Ihnen auch Ehrenchorleiter Tobias Soldner, Ehrenmitglied Josef Rumbach und Chorleiter Jun Won Lee. Anschlie\u00dfend gab Gerhard Laritz bekannt, dass er bei den Neuwahlen als 1.Vorsitzender nicht mehr zur Verf\u00fcgung steht. Er bedankte sich f\u00fcr die gute zusammen Arbeit in den vergangenen Jahren [&hellip;]<\/p>\n","protected":false},"author":1,"featured_media":0,"comment_status":"closed","ping_status":"closed","sticky":false,"template":"","format":"standard","meta":{"ngg_post_thumbnail":0,"footnotes":""},"categories":[1,12,40],"tags":[],"class_list":["post-1454","post","type-post","status-publish","format-standard","hentry","category-allgemein","category-concordia-hutte","category-mitgliederversammlung"],"blocksy_meta":[],"_links":{"self":[{"href":"https:\/\/www.mgv-concordia-nw.de\/index.php?rest_route=\/wp\/v2\/posts\/1454","targetHints":{"allow":["GET"]}}],"collection":[{"href":"https:\/\/www.mgv-concordia-nw.de\/index.php?rest_route=\/wp\/v2\/posts"}],"about":[{"href":"https:\/\/www.mgv-concordia-nw.de\/index.php?rest_route=\/wp\/v2\/types\/post"}],"author":[{"embeddable":true,"href":"https:\/\/www.mgv-concordia-nw.de\/index.php?rest_route=\/wp\/v2\/users\/1"}],"replies":[{"embeddable":true,"href":"https:\/\/www.mgv-concordia-nw.de\/index.php?rest_route=%2Fwp%2Fv2%2Fcomments&post=1454"}],"version-history":[{"count":5,"href":"https:\/\/www.mgv-concordia-nw.de\/index.php?rest_route=\/wp\/v2\/posts\/1454\/revisions"}],"predecessor-version":[{"id":1462,"href":"https:\/\/www.mgv-concordia-nw.de\/index.php?rest_route=\/wp\/v2\/posts\/1454\/revisions\/1462"}],"wp:attachment":[{"href":"https:\/\/www.mgv-concordia-nw.de\/index.php?rest_route=%2Fwp%2Fv2%2Fmedia&parent=1454"}],"wp:term":[{"taxonomy":"category","embeddable":true,"href":"https:\/\/www.mgv-concordia-nw.de\/index.php?rest_route=%2Fwp%2Fv2%2Fcategories&post=1454"},{"taxonomy":"post_tag","embeddable":true,"href":"https:\/\/www.mgv-concordia-nw.de\/index.php?rest_route=%2Fwp%2Fv2%2Ftags&post=1454"}],"curies":[{"name":"wp","href":"https:\/\/api.w.org\/{rel}","templated":true}]}}