{"id":1426,"date":"2018-03-03T08:21:35","date_gmt":"2018-03-03T08:21:35","guid":{"rendered":"http:\/\/www.mgv-concordia-nw.de\/?p=1426"},"modified":"2026-03-02T13:02:38","modified_gmt":"2026-03-02T13:02:38","slug":"concordia-huette-platzte-beim-hueddefasching-aus-allen-naehten","status":"publish","type":"post","link":"https:\/\/www.mgv-concordia-nw.de\/?p=1426","title":{"rendered":"Concordia H\u00fctte platzte beim H\u00fcddefasching aus allen N\u00e4hten"},"content":{"rendered":"<p>Am Samstag, 10. Februar feierte der MGV Concordia seine traditionelle H\u00fcttenfastnacht, die nun schon seit 23 Jahren in der Concordia H\u00fctte abgehalten wird.<\/p>\n<p>In der bis auf den letzten Platz belegten Concordia H\u00fctte ging es am Samstag hoch her. B\u00fcttenreden und Klamaukauftritte der Vereinsmitglieder unterhielten die zahlreichen Besucher bestens. Diese dankten es den Akteuren mit ihrem Applaus. Wie in jedem Jahr traten einige Gastgruppen der KG Urmel und KG Eulenspiegel auf. Auch ein Teil der Elferr\u00e4te von der KG Urmel, KG Eulenspiegel und KG Kuckuck feierten bis in den fr\u00fchen Morgen hinein.<\/p>\n<div id='gallery-1' class='gallery galleryid-1426 gallery-columns-2 gallery-size-medium'><figure class='gallery-item'>\n\t\t\t<div class='gallery-icon landscape'>\n\t\t\t\t<a href='https:\/\/www.mgv-concordia-nw.de\/?attachment_id=1431'><img loading=\"lazy\" decoding=\"async\" width=\"340\" height=\"191\" src=\"https:\/\/www.mgv-concordia-nw.de\/wordpress\/wp-content\/uploads\/2018\/03\/IMG_8290-340x191.jpg\" class=\"attachment-medium size-medium\" alt=\"\" aria-describedby=\"gallery-1-1431\" srcset=\"https:\/\/www.mgv-concordia-nw.de\/wordpress\/wp-content\/uploads\/2018\/03\/IMG_8290-340x191.jpg 340w, https:\/\/www.mgv-concordia-nw.de\/wordpress\/wp-content\/uploads\/2018\/03\/IMG_8290-768x432.jpg 768w, https:\/\/www.mgv-concordia-nw.de\/wordpress\/wp-content\/uploads\/2018\/03\/IMG_8290-740x416.jpg 740w\" sizes=\"auto, (max-width: 340px) 100vw, 340px\" \/><\/a>\n\t\t\t<\/div>\n\t\t\t\t<figcaption class='wp-caption-text gallery-caption' id='gallery-1-1431'>\n\t\t\t\tv.l.n.r. Gisela Malotke, Erika Kopca und Eduard Kopca\n\t\t\t\t<\/figcaption><\/figure><figure class='gallery-item'>\n\t\t\t<div class='gallery-icon landscape'>\n\t\t\t\t<a href='https:\/\/www.mgv-concordia-nw.de\/?attachment_id=1436'><img loading=\"lazy\" decoding=\"async\" width=\"340\" height=\"191\" src=\"https:\/\/www.mgv-concordia-nw.de\/wordpress\/wp-content\/uploads\/2018\/03\/IMG_8232-340x191.jpg\" class=\"attachment-medium size-medium\" alt=\"\" aria-describedby=\"gallery-1-1436\" srcset=\"https:\/\/www.mgv-concordia-nw.de\/wordpress\/wp-content\/uploads\/2018\/03\/IMG_8232-340x191.jpg 340w, https:\/\/www.mgv-concordia-nw.de\/wordpress\/wp-content\/uploads\/2018\/03\/IMG_8232-768x432.jpg 768w, https:\/\/www.mgv-concordia-nw.de\/wordpress\/wp-content\/uploads\/2018\/03\/IMG_8232-740x416.jpg 740w\" sizes=\"auto, (max-width: 340px) 100vw, 340px\" \/><\/a>\n\t\t\t<\/div>\n\t\t\t\t<figcaption class='wp-caption-text gallery-caption' id='gallery-1-1436'>\n\t\t\t\tGisela Malotke und Erika Kopca\n\t\t\t\t<\/figcaption><\/figure><figure class='gallery-item'>\n\t\t\t<div class='gallery-icon landscape'>\n\t\t\t\t<a href='https:\/\/www.mgv-concordia-nw.de\/?attachment_id=1435'><img loading=\"lazy\" decoding=\"async\" width=\"340\" height=\"191\" src=\"https:\/\/www.mgv-concordia-nw.de\/wordpress\/wp-content\/uploads\/2018\/03\/IMG_8239-340x191.jpg\" class=\"attachment-medium size-medium\" alt=\"\" aria-describedby=\"gallery-1-1435\" srcset=\"https:\/\/www.mgv-concordia-nw.de\/wordpress\/wp-content\/uploads\/2018\/03\/IMG_8239-340x191.jpg 340w, https:\/\/www.mgv-concordia-nw.de\/wordpress\/wp-content\/uploads\/2018\/03\/IMG_8239-768x432.jpg 768w, https:\/\/www.mgv-concordia-nw.de\/wordpress\/wp-content\/uploads\/2018\/03\/IMG_8239-740x416.jpg 740w\" sizes=\"auto, (max-width: 340px) 100vw, 340px\" \/><\/a>\n\t\t\t<\/div>\n\t\t\t\t<figcaption class='wp-caption-text gallery-caption' id='gallery-1-1435'>\n\t\t\t\tKarlheinz Dir und Katharina Dir\n\t\t\t\t<\/figcaption><\/figure><figure class='gallery-item'>\n\t\t\t<div class='gallery-icon landscape'>\n\t\t\t\t<a href='https:\/\/www.mgv-concordia-nw.de\/?attachment_id=1434'><img loading=\"lazy\" decoding=\"async\" width=\"340\" height=\"191\" src=\"https:\/\/www.mgv-concordia-nw.de\/wordpress\/wp-content\/uploads\/2018\/03\/IMG_8195-340x191.jpg\" class=\"attachment-medium size-medium\" alt=\"\" aria-describedby=\"gallery-1-1434\" srcset=\"https:\/\/www.mgv-concordia-nw.de\/wordpress\/wp-content\/uploads\/2018\/03\/IMG_8195-340x191.jpg 340w, https:\/\/www.mgv-concordia-nw.de\/wordpress\/wp-content\/uploads\/2018\/03\/IMG_8195-768x432.jpg 768w, https:\/\/www.mgv-concordia-nw.de\/wordpress\/wp-content\/uploads\/2018\/03\/IMG_8195-740x416.jpg 740w\" sizes=\"auto, (max-width: 340px) 100vw, 340px\" \/><\/a>\n\t\t\t<\/div>\n\t\t\t\t<figcaption class='wp-caption-text gallery-caption' id='gallery-1-1434'>\n\t\t\t\t Erika Kopca und Josef Rumbach\n\t\t\t\t<\/figcaption><\/figure><figure class='gallery-item'>\n\t\t\t<div class='gallery-icon landscape'>\n\t\t\t\t<a href='https:\/\/www.mgv-concordia-nw.de\/?attachment_id=1433'><img loading=\"lazy\" decoding=\"async\" width=\"340\" height=\"191\" src=\"https:\/\/www.mgv-concordia-nw.de\/wordpress\/wp-content\/uploads\/2018\/03\/IMG_8213-340x191.jpg\" class=\"attachment-medium size-medium\" alt=\"\" aria-describedby=\"gallery-1-1433\" srcset=\"https:\/\/www.mgv-concordia-nw.de\/wordpress\/wp-content\/uploads\/2018\/03\/IMG_8213-340x191.jpg 340w, https:\/\/www.mgv-concordia-nw.de\/wordpress\/wp-content\/uploads\/2018\/03\/IMG_8213-768x432.jpg 768w, https:\/\/www.mgv-concordia-nw.de\/wordpress\/wp-content\/uploads\/2018\/03\/IMG_8213-740x416.jpg 740w\" sizes=\"auto, (max-width: 340px) 100vw, 340px\" \/><\/a>\n\t\t\t<\/div>\n\t\t\t\t<figcaption class='wp-caption-text gallery-caption' id='gallery-1-1433'>\n\t\t\t\tv.l.n.r. Julia Boch, Katharina Dir und Verena Dir\n\t\t\t\t<\/figcaption><\/figure><figure class='gallery-item'>\n\t\t\t<div class='gallery-icon landscape'>\n\t\t\t\t<a href='https:\/\/www.mgv-concordia-nw.de\/?attachment_id=1432'><img loading=\"lazy\" decoding=\"async\" width=\"340\" height=\"191\" src=\"https:\/\/www.mgv-concordia-nw.de\/wordpress\/wp-content\/uploads\/2018\/03\/IMG_8263-340x191.jpg\" class=\"attachment-medium size-medium\" alt=\"\" aria-describedby=\"gallery-1-1432\" srcset=\"https:\/\/www.mgv-concordia-nw.de\/wordpress\/wp-content\/uploads\/2018\/03\/IMG_8263-340x191.jpg 340w, https:\/\/www.mgv-concordia-nw.de\/wordpress\/wp-content\/uploads\/2018\/03\/IMG_8263-768x432.jpg 768w, https:\/\/www.mgv-concordia-nw.de\/wordpress\/wp-content\/uploads\/2018\/03\/IMG_8263-740x416.jpg 740w\" sizes=\"auto, (max-width: 340px) 100vw, 340px\" \/><\/a>\n\t\t\t<\/div>\n\t\t\t\t<figcaption class='wp-caption-text gallery-caption' id='gallery-1-1432'>\n\t\t\t\tAbordnungen der KG Urmel, KG Eulenspiegel\nund KG Kuckuck\n\t\t\t\t<\/figcaption><\/figure>\n\t\t<\/div>\n\n","protected":false},"excerpt":{"rendered":"<p>Am Samstag, 10. Februar feierte der MGV Concordia seine traditionelle H\u00fcttenfastnacht, die nun schon seit 23 Jahren in der Concordia H\u00fctte abgehalten wird. In der bis auf den letzten Platz belegten Concordia H\u00fctte ging es am Samstag hoch her. B\u00fcttenreden und Klamaukauftritte der Vereinsmitglieder unterhielten die zahlreichen Besucher bestens. Diese dankten es den Akteuren mit [&hellip;]<\/p>\n","protected":false},"author":1,"featured_media":0,"comment_status":"closed","ping_status":"closed","sticky":false,"template":"","format":"standard","meta":{"ngg_post_thumbnail":0,"footnotes":""},"categories":[12,35,23,16],"tags":[],"class_list":["post-1426","post","type-post","status-publish","format-standard","hentry","category-concordia-hutte","category-huddefasching","category-liveauftritt","category-termine"],"blocksy_meta":[],"_links":{"self":[{"href":"https:\/\/www.mgv-concordia-nw.de\/index.php?rest_route=\/wp\/v2\/posts\/1426","targetHints":{"allow":["GET"]}}],"collection":[{"href":"https:\/\/www.mgv-concordia-nw.de\/index.php?rest_route=\/wp\/v2\/posts"}],"about":[{"href":"https:\/\/www.mgv-concordia-nw.de\/index.php?rest_route=\/wp\/v2\/types\/post"}],"author":[{"embeddable":true,"href":"https:\/\/www.mgv-concordia-nw.de\/index.php?rest_route=\/wp\/v2\/users\/1"}],"replies":[{"embeddable":true,"href":"https:\/\/www.mgv-concordia-nw.de\/index.php?rest_route=%2Fwp%2Fv2%2Fcomments&post=1426"}],"version-history":[{"count":6,"href":"https:\/\/www.mgv-concordia-nw.de\/index.php?rest_route=\/wp\/v2\/posts\/1426\/revisions"}],"predecessor-version":[{"id":1441,"href":"https:\/\/www.mgv-concordia-nw.de\/index.php?rest_route=\/wp\/v2\/posts\/1426\/revisions\/1441"}],"wp:attachment":[{"href":"https:\/\/www.mgv-concordia-nw.de\/index.php?rest_route=%2Fwp%2Fv2%2Fmedia&parent=1426"}],"wp:term":[{"taxonomy":"category","embeddable":true,"href":"https:\/\/www.mgv-concordia-nw.de\/index.php?rest_route=%2Fwp%2Fv2%2Fcategories&post=1426"},{"taxonomy":"post_tag","embeddable":true,"href":"https:\/\/www.mgv-concordia-nw.de\/index.php?rest_route=%2Fwp%2Fv2%2Ftags&post=1426"}],"curies":[{"name":"wp","href":"https:\/\/api.w.org\/{rel}","templated":true}]}}