{"id":1331,"date":"2016-11-06T11:45:19","date_gmt":"2016-11-06T11:45:19","guid":{"rendered":"http:\/\/www.mgv-concordia-nw.de\/?p=1331"},"modified":"2016-11-06T11:55:08","modified_gmt":"2016-11-06T11:55:08","slug":"erfolgreiches-herbstkonzert-zum-abschluss-des-apfeltages-2","status":"publish","type":"post","link":"https:\/\/www.mgv-concordia-nw.de\/?p=1331","title":{"rendered":"Erfolgreiches Herbstkonzert zum Abschluss des Apfeltages"},"content":{"rendered":"<p style=\"text-align: justify;\">Zum Abschluss des Eberbacher Apfeltages veranstalteten die Eberbacher Ch\u00f6re MGV Concordia Neckarwimmersbach, MGV S\u00e4ngerlust Rockenau und der Gemischte Chor Lindach, gemeinsam unter der Leitung von Tobias Soldner, ein Herbstkonzert in der evangelischen Michaelskirche. Begleitet wurden die Ch\u00f6re am Klavier von der jungen Koreanerin Minae Lenz-Kim.<\/p>\n<p style=\"text-align: justify;\">Gerhard Laritz 1. Vorstand des MGV Concordia begr\u00fc\u00dfte im Namen der drei Ch\u00f6re die zahlreich erschienen G\u00e4ste. Darunter auch B\u00fcrgermeister Reichert mit Gattin.<br \/>\nDer musikalische Bogen spannte sich \u00fcber weltliche und kirchliche Lieder sowie klassische Musik. Es begann mit dem Titel \u201eGlory Halleluja\u201c, danach folgte die \u201eMondnacht\u201c, eine Komposition des ehemaligen Chorleiter G\u00fcnter Schott des MGV Concordia NW. Danach sang der Gemischte Chor Lindach drei Lieder u.a. \u201eDanket dem Herren\u201c.<br \/>\nEin weiteres musikalisches Highlight war die Einlage von Lenz-Kim und ihrem Ehemann Alexander Lenz am Klavier. Sie spielten vierh\u00e4ndig den \u201eLiber Tango\u201c des argentinischen \u201eTangogottes\u201c Astor Piazzolla.<br \/>\nMit einem Abschlusslied gesungen von allen drei Ch\u00f6ren endete das Konzert mit einem gro\u00dfen Ablauss.<\/p>\n","protected":false},"excerpt":{"rendered":"<p>Zum Abschluss des Eberbacher Apfeltages veranstalteten die Eberbacher Ch\u00f6re MGV Concordia Neckarwimmersbach, MGV S\u00e4ngerlust Rockenau und der Gemischte Chor Lindach, gemeinsam unter der Leitung von Tobias Soldner, ein Herbstkonzert in der evangelischen Michaelskirche. Begleitet wurden die Ch\u00f6re am Klavier von der jungen Koreanerin Minae Lenz-Kim. Gerhard Laritz 1. Vorstand des MGV Concordia begr\u00fc\u00dfte im Namen [&hellip;]<\/p>\n","protected":false},"author":1,"featured_media":0,"comment_status":"closed","ping_status":"closed","sticky":false,"template":"","format":"standard","meta":{"ngg_post_thumbnail":0,"footnotes":""},"categories":[23],"tags":[],"class_list":["post-1331","post","type-post","status-publish","format-standard","hentry","category-liveauftritt"],"blocksy_meta":[],"_links":{"self":[{"href":"https:\/\/www.mgv-concordia-nw.de\/index.php?rest_route=\/wp\/v2\/posts\/1331","targetHints":{"allow":["GET"]}}],"collection":[{"href":"https:\/\/www.mgv-concordia-nw.de\/index.php?rest_route=\/wp\/v2\/posts"}],"about":[{"href":"https:\/\/www.mgv-concordia-nw.de\/index.php?rest_route=\/wp\/v2\/types\/post"}],"author":[{"embeddable":true,"href":"https:\/\/www.mgv-concordia-nw.de\/index.php?rest_route=\/wp\/v2\/users\/1"}],"replies":[{"embeddable":true,"href":"https:\/\/www.mgv-concordia-nw.de\/index.php?rest_route=%2Fwp%2Fv2%2Fcomments&post=1331"}],"version-history":[{"count":4,"href":"https:\/\/www.mgv-concordia-nw.de\/index.php?rest_route=\/wp\/v2\/posts\/1331\/revisions"}],"predecessor-version":[{"id":1334,"href":"https:\/\/www.mgv-concordia-nw.de\/index.php?rest_route=\/wp\/v2\/posts\/1331\/revisions\/1334"}],"wp:attachment":[{"href":"https:\/\/www.mgv-concordia-nw.de\/index.php?rest_route=%2Fwp%2Fv2%2Fmedia&parent=1331"}],"wp:term":[{"taxonomy":"category","embeddable":true,"href":"https:\/\/www.mgv-concordia-nw.de\/index.php?rest_route=%2Fwp%2Fv2%2Fcategories&post=1331"},{"taxonomy":"post_tag","embeddable":true,"href":"https:\/\/www.mgv-concordia-nw.de\/index.php?rest_route=%2Fwp%2Fv2%2Ftags&post=1331"}],"curies":[{"name":"wp","href":"https:\/\/api.w.org\/{rel}","templated":true}]}}