{"id":1328,"date":"2016-09-15T16:03:33","date_gmt":"2016-09-15T16:03:33","guid":{"rendered":"http:\/\/www.mgv-concordia-nw.de\/?p=1328"},"modified":"2020-02-26T08:25:26","modified_gmt":"2020-02-26T08:25:26","slug":"konzert-in-der-michaelskirche-in-eberbach-2","status":"publish","type":"post","link":"https:\/\/www.mgv-concordia-nw.de\/?p=1328","title":{"rendered":"Konzert in der Michaelskirche in Eberbach"},"content":{"rendered":"<p>Am Sonntag, 16.10. um 19.00 Uhr, veranstaltet der MGV ein Konzert in der ev. Michaelskirche in Eberbach. Bei diesem Konzert pr\u00e4sentiert sich der MGV Concordia zusammen mit der S\u00e4ngerlust Rockenau als Chorgemeinschaft. Weitere Mitwirkende sind die S\u00e4ngerinnen\/S\u00e4nger des gemischten Chores aus Lindach. Am Klavier werden die Ch\u00f6re von Minae Lenz-Kim begleitet. Musikalische Leitung Tobias Soldner.<\/p>\n<p>Hierzu sind Sie recht herzlich eingeladen.<\/p>\n","protected":false},"excerpt":{"rendered":"<p>Am Sonntag, 16.10. um 19.00 Uhr, veranstaltet der MGV ein Konzert in der ev. Michaelskirche in Eberbach. Bei diesem Konzert pr\u00e4sentiert sich der MGV Concordia zusammen mit der S\u00e4ngerlust Rockenau als Chorgemeinschaft. Weitere Mitwirkende sind die S\u00e4ngerinnen\/S\u00e4nger des gemischten Chores aus Lindach. Am Klavier werden die Ch\u00f6re von Minae Lenz-Kim begleitet. Musikalische Leitung Tobias Soldner. [&hellip;]<\/p>\n","protected":false},"author":1,"featured_media":0,"comment_status":"closed","ping_status":"closed","sticky":false,"template":"","format":"standard","meta":{"ngg_post_thumbnail":0,"footnotes":""},"categories":[23,16],"tags":[],"class_list":["post-1328","post","type-post","status-publish","format-standard","hentry","category-liveauftritt","category-termine"],"blocksy_meta":[],"_links":{"self":[{"href":"https:\/\/www.mgv-concordia-nw.de\/index.php?rest_route=\/wp\/v2\/posts\/1328","targetHints":{"allow":["GET"]}}],"collection":[{"href":"https:\/\/www.mgv-concordia-nw.de\/index.php?rest_route=\/wp\/v2\/posts"}],"about":[{"href":"https:\/\/www.mgv-concordia-nw.de\/index.php?rest_route=\/wp\/v2\/types\/post"}],"author":[{"embeddable":true,"href":"https:\/\/www.mgv-concordia-nw.de\/index.php?rest_route=\/wp\/v2\/users\/1"}],"replies":[{"embeddable":true,"href":"https:\/\/www.mgv-concordia-nw.de\/index.php?rest_route=%2Fwp%2Fv2%2Fcomments&post=1328"}],"version-history":[{"count":1,"href":"https:\/\/www.mgv-concordia-nw.de\/index.php?rest_route=\/wp\/v2\/posts\/1328\/revisions"}],"predecessor-version":[{"id":1329,"href":"https:\/\/www.mgv-concordia-nw.de\/index.php?rest_route=\/wp\/v2\/posts\/1328\/revisions\/1329"}],"wp:attachment":[{"href":"https:\/\/www.mgv-concordia-nw.de\/index.php?rest_route=%2Fwp%2Fv2%2Fmedia&parent=1328"}],"wp:term":[{"taxonomy":"category","embeddable":true,"href":"https:\/\/www.mgv-concordia-nw.de\/index.php?rest_route=%2Fwp%2Fv2%2Fcategories&post=1328"},{"taxonomy":"post_tag","embeddable":true,"href":"https:\/\/www.mgv-concordia-nw.de\/index.php?rest_route=%2Fwp%2Fv2%2Ftags&post=1328"}],"curies":[{"name":"wp","href":"https:\/\/api.w.org\/{rel}","templated":true}]}}