{"id":1317,"date":"2016-05-12T14:15:42","date_gmt":"2016-05-12T14:15:42","guid":{"rendered":"http:\/\/www.mgv-concordia-nw.de\/?p=1317"},"modified":"2016-05-12T14:35:37","modified_gmt":"2016-05-12T14:35:37","slug":"gut-besuchtes-waldfest-bei-sonnigem-wetter","status":"publish","type":"post","link":"https:\/\/www.mgv-concordia-nw.de\/?p=1317","title":{"rendered":"Gut besuchtes Waldfest bei sonnigem Wetter"},"content":{"rendered":"<p><span style=\"font-family: Times New Roman,serif;\"><span style=\"font-size: medium;\">Viele Besucher kamen auch dieses Jahr wieder zum Waldfest des MGV Concordia. <\/span><\/span><\/p>\n<p><span style=\"font-family: Times New Roman,serif;\"><span style=\"font-size: medium;\">In den Morgenstunden war der Besuch noch etwas schleppend, aber gegen Mittag war es in den Zelten proppenvoll. Mit Kind und Kegel str\u00f6mten die Familien zur H\u00fctte am Boxberg. <\/span><\/span><\/p>\n<p><a name=\"_GoBack\"><\/a> <span style=\"font-family: Times New Roman,serif;\"><span style=\"font-size: medium;\">Die wenigen Parkpl\u00e4tze waren schnell belegt, die meisten G\u00e4ste zogen aber auf Schusters Rappen hinauf zu den Festzelten. Hier erwartete die Besucher z\u00fcnftige Musik des \u201eDuo Sonnenklar\u201c. Die Helfer hatten alle H\u00e4nde voll zu tun die vielen Besucher mit Essen und Getr\u00e4nken zu versorgen. Bis in die Abendstunden verweilten die Besuche.<\/span><\/span><\/p>\n<p><a href=\"https:\/\/www.mgv-concordia-nw.de\/wordpress\/wp-content\/uploads\/2016\/05\/DSCF5463.jpg\"><img loading=\"lazy\" decoding=\"async\" class=\"alignleft size-medium wp-image-1319\" src=\"https:\/\/www.mgv-concordia-nw.de\/wordpress\/wp-content\/uploads\/2016\/05\/DSCF5463-340x255.jpg\" alt=\"DSCF5463\" width=\"340\" height=\"255\" srcset=\"https:\/\/www.mgv-concordia-nw.de\/wordpress\/wp-content\/uploads\/2016\/05\/DSCF5463-340x255.jpg 340w, https:\/\/www.mgv-concordia-nw.de\/wordpress\/wp-content\/uploads\/2016\/05\/DSCF5463-768x576.jpg 768w, https:\/\/www.mgv-concordia-nw.de\/wordpress\/wp-content\/uploads\/2016\/05\/DSCF5463-740x555.jpg 740w, https:\/\/www.mgv-concordia-nw.de\/wordpress\/wp-content\/uploads\/2016\/05\/DSCF5463.jpg 1024w\" sizes=\"auto, (max-width: 340px) 100vw, 340px\" \/><\/a> <a href=\"https:\/\/www.mgv-concordia-nw.de\/wordpress\/wp-content\/uploads\/2016\/05\/DSCI2633.jpg\"><img loading=\"lazy\" decoding=\"async\" class=\"alignleft size-medium wp-image-1320\" src=\"https:\/\/www.mgv-concordia-nw.de\/wordpress\/wp-content\/uploads\/2016\/05\/DSCI2633-340x255.jpg\" alt=\"DSCI2633\" width=\"340\" height=\"255\" srcset=\"https:\/\/www.mgv-concordia-nw.de\/wordpress\/wp-content\/uploads\/2016\/05\/DSCI2633-340x255.jpg 340w, https:\/\/www.mgv-concordia-nw.de\/wordpress\/wp-content\/uploads\/2016\/05\/DSCI2633-768x576.jpg 768w, https:\/\/www.mgv-concordia-nw.de\/wordpress\/wp-content\/uploads\/2016\/05\/DSCI2633-740x555.jpg 740w, https:\/\/www.mgv-concordia-nw.de\/wordpress\/wp-content\/uploads\/2016\/05\/DSCI2633.jpg 1024w\" sizes=\"auto, (max-width: 340px) 100vw, 340px\" \/><\/a> <a href=\"https:\/\/www.mgv-concordia-nw.de\/wordpress\/wp-content\/uploads\/2016\/05\/IMG_7529.jpg\"><img loading=\"lazy\" decoding=\"async\" class=\"alignleft size-medium wp-image-1321\" src=\"https:\/\/www.mgv-concordia-nw.de\/wordpress\/wp-content\/uploads\/2016\/05\/IMG_7529-340x191.jpg\" alt=\"IMG_7529\" width=\"340\" height=\"191\" srcset=\"https:\/\/www.mgv-concordia-nw.de\/wordpress\/wp-content\/uploads\/2016\/05\/IMG_7529-340x191.jpg 340w, https:\/\/www.mgv-concordia-nw.de\/wordpress\/wp-content\/uploads\/2016\/05\/IMG_7529-768x431.jpg 768w, https:\/\/www.mgv-concordia-nw.de\/wordpress\/wp-content\/uploads\/2016\/05\/IMG_7529-740x416.jpg 740w, https:\/\/www.mgv-concordia-nw.de\/wordpress\/wp-content\/uploads\/2016\/05\/IMG_7529.jpg 1024w\" sizes=\"auto, (max-width: 340px) 100vw, 340px\" \/><\/a> <a href=\"https:\/\/www.mgv-concordia-nw.de\/wordpress\/wp-content\/uploads\/2016\/05\/IMG_7531.jpg\"><img loading=\"lazy\" decoding=\"async\" class=\"alignleft size-medium wp-image-1323\" src=\"https:\/\/www.mgv-concordia-nw.de\/wordpress\/wp-content\/uploads\/2016\/05\/IMG_7531-340x191.jpg\" alt=\"IMG_7531\" width=\"340\" height=\"191\" srcset=\"https:\/\/www.mgv-concordia-nw.de\/wordpress\/wp-content\/uploads\/2016\/05\/IMG_7531-340x191.jpg 340w, https:\/\/www.mgv-concordia-nw.de\/wordpress\/wp-content\/uploads\/2016\/05\/IMG_7531-768x431.jpg 768w, https:\/\/www.mgv-concordia-nw.de\/wordpress\/wp-content\/uploads\/2016\/05\/IMG_7531-740x416.jpg 740w, https:\/\/www.mgv-concordia-nw.de\/wordpress\/wp-content\/uploads\/2016\/05\/IMG_7531.jpg 1024w\" sizes=\"auto, (max-width: 340px) 100vw, 340px\" \/><\/a> <a href=\"https:\/\/www.mgv-concordia-nw.de\/wordpress\/wp-content\/uploads\/2016\/05\/IMG_7539.jpg\"><img loading=\"lazy\" decoding=\"async\" class=\"alignleft size-medium wp-image-1324\" src=\"https:\/\/www.mgv-concordia-nw.de\/wordpress\/wp-content\/uploads\/2016\/05\/IMG_7539-340x165.jpg\" alt=\"IMG_7539\" width=\"340\" height=\"165\" srcset=\"https:\/\/www.mgv-concordia-nw.de\/wordpress\/wp-content\/uploads\/2016\/05\/IMG_7539-340x165.jpg 340w, https:\/\/www.mgv-concordia-nw.de\/wordpress\/wp-content\/uploads\/2016\/05\/IMG_7539-768x373.jpg 768w, https:\/\/www.mgv-concordia-nw.de\/wordpress\/wp-content\/uploads\/2016\/05\/IMG_7539-740x359.jpg 740w, https:\/\/www.mgv-concordia-nw.de\/wordpress\/wp-content\/uploads\/2016\/05\/IMG_7539.jpg 1024w\" sizes=\"auto, (max-width: 340px) 100vw, 340px\" \/><\/a><\/p>\n<p>&nbsp;<\/p>\n","protected":false},"excerpt":{"rendered":"<p>Viele Besucher kamen auch dieses Jahr wieder zum Waldfest des MGV Concordia. In den Morgenstunden war der Besuch noch etwas schleppend, aber gegen Mittag war es in den Zelten proppenvoll. Mit Kind und Kegel str\u00f6mten die Familien zur H\u00fctte am Boxberg. Die wenigen Parkpl\u00e4tze waren schnell belegt, die meisten G\u00e4ste zogen aber auf Schusters Rappen [&hellip;]<\/p>\n","protected":false},"author":1,"featured_media":0,"comment_status":"closed","ping_status":"closed","sticky":false,"template":"","format":"standard","meta":{"ngg_post_thumbnail":0,"footnotes":""},"categories":[12,16,5],"tags":[],"class_list":["post-1317","post","type-post","status-publish","format-standard","hentry","category-concordia-hutte","category-termine","category-waldfest"],"blocksy_meta":[],"_links":{"self":[{"href":"https:\/\/www.mgv-concordia-nw.de\/index.php?rest_route=\/wp\/v2\/posts\/1317","targetHints":{"allow":["GET"]}}],"collection":[{"href":"https:\/\/www.mgv-concordia-nw.de\/index.php?rest_route=\/wp\/v2\/posts"}],"about":[{"href":"https:\/\/www.mgv-concordia-nw.de\/index.php?rest_route=\/wp\/v2\/types\/post"}],"author":[{"embeddable":true,"href":"https:\/\/www.mgv-concordia-nw.de\/index.php?rest_route=\/wp\/v2\/users\/1"}],"replies":[{"embeddable":true,"href":"https:\/\/www.mgv-concordia-nw.de\/index.php?rest_route=%2Fwp%2Fv2%2Fcomments&post=1317"}],"version-history":[{"count":2,"href":"https:\/\/www.mgv-concordia-nw.de\/index.php?rest_route=\/wp\/v2\/posts\/1317\/revisions"}],"predecessor-version":[{"id":1325,"href":"https:\/\/www.mgv-concordia-nw.de\/index.php?rest_route=\/wp\/v2\/posts\/1317\/revisions\/1325"}],"wp:attachment":[{"href":"https:\/\/www.mgv-concordia-nw.de\/index.php?rest_route=%2Fwp%2Fv2%2Fmedia&parent=1317"}],"wp:term":[{"taxonomy":"category","embeddable":true,"href":"https:\/\/www.mgv-concordia-nw.de\/index.php?rest_route=%2Fwp%2Fv2%2Fcategories&post=1317"},{"taxonomy":"post_tag","embeddable":true,"href":"https:\/\/www.mgv-concordia-nw.de\/index.php?rest_route=%2Fwp%2Fv2%2Ftags&post=1317"}],"curies":[{"name":"wp","href":"https:\/\/api.w.org\/{rel}","templated":true}]}}