{"id":1314,"date":"2016-04-01T10:48:51","date_gmt":"2016-04-01T10:48:51","guid":{"rendered":"http:\/\/www.mgv-concordia-nw.de\/?p=1314"},"modified":"2016-04-01T10:48:51","modified_gmt":"2016-04-01T10:48:51","slug":"waldfest-rund-um-die-concordia-huette-an-vatertag","status":"publish","type":"post","link":"https:\/\/www.mgv-concordia-nw.de\/?p=1314","title":{"rendered":"Waldfest rund um die Concordia H\u00fctte an Vatertag"},"content":{"rendered":"<p>Der MGV Concordia Neckarwimmersbach veranstaltet am 05. Mai 2016 \u2013 Christi Himmelfahrtstag sein traditionelles Waldfest rund um die Concordia H\u00fctte.<br \/>\nHierzu sind alle herzlich eingeladen.<\/p>\n<p>Das traditionelle Fest beginnt um 11.00 Uhr. Wie in jedem Jahr werden viele flei\u00dfige Helfer f\u00fcr das Wohl der Besucher bem\u00fcht sein. Ab 12.00 Uhr Live-Musik mit dem \u201cDuo Sonnenklar\u201d.<\/p>\n<p>Wir w\u00fcnschen allen Besuchern einen sch\u00f6nen Vater-Tag beim MGV Concordia.<\/p>\n","protected":false},"excerpt":{"rendered":"<p>Der MGV Concordia Neckarwimmersbach veranstaltet am 05. Mai 2016 \u2013 Christi Himmelfahrtstag sein traditionelles Waldfest rund um die Concordia H\u00fctte. Hierzu sind alle herzlich eingeladen. Das traditionelle Fest beginnt um 11.00 Uhr. Wie in jedem Jahr werden viele flei\u00dfige Helfer f\u00fcr das Wohl der Besucher bem\u00fcht sein. Ab 12.00 Uhr Live-Musik mit dem \u201cDuo Sonnenklar\u201d. [&hellip;]<\/p>\n","protected":false},"author":1,"featured_media":0,"comment_status":"open","ping_status":"open","sticky":false,"template":"","format":"standard","meta":{"ngg_post_thumbnail":0,"footnotes":""},"categories":[1,12,23,16,5],"tags":[],"class_list":["post-1314","post","type-post","status-publish","format-standard","hentry","category-allgemein","category-concordia-hutte","category-liveauftritt","category-termine","category-waldfest"],"blocksy_meta":[],"_links":{"self":[{"href":"https:\/\/www.mgv-concordia-nw.de\/index.php?rest_route=\/wp\/v2\/posts\/1314","targetHints":{"allow":["GET"]}}],"collection":[{"href":"https:\/\/www.mgv-concordia-nw.de\/index.php?rest_route=\/wp\/v2\/posts"}],"about":[{"href":"https:\/\/www.mgv-concordia-nw.de\/index.php?rest_route=\/wp\/v2\/types\/post"}],"author":[{"embeddable":true,"href":"https:\/\/www.mgv-concordia-nw.de\/index.php?rest_route=\/wp\/v2\/users\/1"}],"replies":[{"embeddable":true,"href":"https:\/\/www.mgv-concordia-nw.de\/index.php?rest_route=%2Fwp%2Fv2%2Fcomments&post=1314"}],"version-history":[{"count":1,"href":"https:\/\/www.mgv-concordia-nw.de\/index.php?rest_route=\/wp\/v2\/posts\/1314\/revisions"}],"predecessor-version":[{"id":1315,"href":"https:\/\/www.mgv-concordia-nw.de\/index.php?rest_route=\/wp\/v2\/posts\/1314\/revisions\/1315"}],"wp:attachment":[{"href":"https:\/\/www.mgv-concordia-nw.de\/index.php?rest_route=%2Fwp%2Fv2%2Fmedia&parent=1314"}],"wp:term":[{"taxonomy":"category","embeddable":true,"href":"https:\/\/www.mgv-concordia-nw.de\/index.php?rest_route=%2Fwp%2Fv2%2Fcategories&post=1314"},{"taxonomy":"post_tag","embeddable":true,"href":"https:\/\/www.mgv-concordia-nw.de\/index.php?rest_route=%2Fwp%2Fv2%2Ftags&post=1314"}],"curies":[{"name":"wp","href":"https:\/\/api.w.org\/{rel}","templated":true}]}}