{"id":1275,"date":"2015-12-31T08:15:42","date_gmt":"2015-12-31T08:15:42","guid":{"rendered":"http:\/\/www.mgv-concordia-nw.de\/?p=1275"},"modified":"2016-01-14T05:18:30","modified_gmt":"2016-01-14T05:18:30","slug":"weihnachtsfeier-und-ehrungen","status":"publish","type":"post","link":"https:\/\/www.mgv-concordia-nw.de\/?p=1275","title":{"rendered":"Weihnachtsfeier und Ehrungen"},"content":{"rendered":"<p>Zur Weihnachtsfeier hatte der MGV Concordia am Samstag, 19. Dezember, seine Mitglieder in das Gasthaus \u201eZur Linde\u201c in Neckarwimmersbach eingeladen. Vor dem gemeinsamen Essen begr\u00fc\u00dfte der erste Vorsitzende Gerhard Laritz die G\u00e4ste. Er bedankte sich bei den Spendern f\u00fcr die Tombola und bei den Wirtsleuten.<\/p>\n<p>Im Rahmen der Weihnachtsfeier erfolgten nun die Ehrungen. F\u00fcr 25 Jahre wurde Frieder Wettig, f\u00fcr 40 Jahre G\u00fcnther Jurai, Christoph Moderer und Josef Rumbach mit einer Urkunde sowie mit einem kleinen Pr\u00e4sent geehrt.<\/p>\n<p>Die beiden Vorsitzenden Gerhard Laritz und Karlheinz Dir, bedankten sich bei den Jubilaren f\u00fcr ihre langj\u00e4hrige Mitgliedschaft im Verein.<\/p>\n<p>Bei der Mitgliederversammlung im M\u00e4rz wurde Josef Rumbach f\u00fcr seine geleistete Arbeit im Verein zum Ehrenmitglied ernannt. Aus diesem Anlass erhielt er nun seine Urkunde.<\/p>\n<p>Ganz besonders wurden Christoph Moderer und Josef Rumbach f\u00fcr 40 Jahre sowie Frieder Wettig f\u00fcr 25 Jahre aktives Singen geehrt. Sie bekamen vom Badischen Chorverband eine Urkunde und eine Ehrennadel. Diese Ehrungen nahmen die beiden Vorst\u00e4nde des S\u00e4ngerkreises IV Eberbach, Gerald Ernst und Wolfgang Haag vor.<\/p>\n<p>Nach den Ehrungen lasen Gerhard Laritz und Karlheinz Dir noch zwei Weihnachtsgeschichten vor.<\/p>\n<p>Zum Schluss wurden noch die Tombolagewinne verteilt, bevor man den Abend in geselliger Runde ausklingen lie\u00df.<\/p>\n<figure id=\"attachment_1277\" aria-describedby=\"caption-attachment-1277\" style=\"width: 340px\" class=\"wp-caption alignleft\"><a href=\"https:\/\/www.mgv-concordia-nw.de\/wordpress\/wp-content\/uploads\/2015\/12\/CIMG0457.jpg\" rel=\"attachment wp-att-1277\"><img loading=\"lazy\" decoding=\"async\" class=\"wp-image-1277 size-medium\" src=\"https:\/\/www.mgv-concordia-nw.de\/wordpress\/wp-content\/uploads\/2015\/12\/CIMG0457-340x222.jpg\" alt=\"CIMG0457\" width=\"340\" height=\"222\" srcset=\"https:\/\/www.mgv-concordia-nw.de\/wordpress\/wp-content\/uploads\/2015\/12\/CIMG0457-340x222.jpg 340w, https:\/\/www.mgv-concordia-nw.de\/wordpress\/wp-content\/uploads\/2015\/12\/CIMG0457-768x501.jpg 768w, https:\/\/www.mgv-concordia-nw.de\/wordpress\/wp-content\/uploads\/2015\/12\/CIMG0457-740x482.jpg 740w, https:\/\/www.mgv-concordia-nw.de\/wordpress\/wp-content\/uploads\/2015\/12\/CIMG0457.jpg 1600w\" sizes=\"auto, (max-width: 340px) 100vw, 340px\" \/><\/a><figcaption id=\"caption-attachment-1277\" class=\"wp-caption-text\">Bild v.l.n.r. Christoph Moderer, 2.Vorstand MGV Karlheinz Dir, Frieder Wettig, Josef Rumbach, 1.Vorstand MGV Gerhard Laritz, G\u00fcnther Jurai.<\/figcaption><\/figure>\n<figure id=\"attachment_1278\" aria-describedby=\"caption-attachment-1278\" style=\"width: 340px\" class=\"wp-caption alignleft\"><a href=\"https:\/\/www.mgv-concordia-nw.de\/wordpress\/wp-content\/uploads\/2015\/12\/CIMG0455.jpg\" rel=\"attachment wp-att-1278\"><img loading=\"lazy\" decoding=\"async\" class=\"wp-image-1278 size-medium\" src=\"https:\/\/www.mgv-concordia-nw.de\/wordpress\/wp-content\/uploads\/2015\/12\/CIMG0455-340x198.jpg\" alt=\"CIMG0455\" width=\"340\" height=\"198\" srcset=\"https:\/\/www.mgv-concordia-nw.de\/wordpress\/wp-content\/uploads\/2015\/12\/CIMG0455-340x198.jpg 340w, https:\/\/www.mgv-concordia-nw.de\/wordpress\/wp-content\/uploads\/2015\/12\/CIMG0455-768x448.jpg 768w, https:\/\/www.mgv-concordia-nw.de\/wordpress\/wp-content\/uploads\/2015\/12\/CIMG0455-740x432.jpg 740w, https:\/\/www.mgv-concordia-nw.de\/wordpress\/wp-content\/uploads\/2015\/12\/CIMG0455.jpg 1600w\" sizes=\"auto, (max-width: 340px) 100vw, 340px\" \/><\/a><figcaption id=\"caption-attachment-1278\" class=\"wp-caption-text\">Bild v.l.n.r. Christoph Moderer, Frieder Wettig, Josef Rumbach, 2.Vorstand Chorverband Heidelberg Wolfgang Haag, 2.Vorstand MGV Karlheinz Dir, 1.Vorstand MGV Gerhard Laritz, 1.Vorstand Corverband Gerald Ernst<\/figcaption><\/figure>\n","protected":false},"excerpt":{"rendered":"<p>Zur Weihnachtsfeier hatte der MGV Concordia am Samstag, 19. Dezember, seine Mitglieder in das Gasthaus \u201eZur Linde\u201c in Neckarwimmersbach eingeladen. Vor dem gemeinsamen Essen begr\u00fc\u00dfte der erste Vorsitzende Gerhard Laritz die G\u00e4ste. Er bedankte sich bei den Spendern f\u00fcr die Tombola und bei den Wirtsleuten. Im Rahmen der Weihnachtsfeier erfolgten nun die Ehrungen. F\u00fcr 25 [&hellip;]<\/p>\n","protected":false},"author":1,"featured_media":0,"comment_status":"closed","ping_status":"closed","sticky":false,"template":"","format":"standard","meta":{"ngg_post_thumbnail":0,"footnotes":""},"categories":[1,16,19],"tags":[],"class_list":["post-1275","post","type-post","status-publish","format-standard","hentry","category-allgemein","category-termine","category-weihnachtsfeier"],"blocksy_meta":[],"_links":{"self":[{"href":"https:\/\/www.mgv-concordia-nw.de\/index.php?rest_route=\/wp\/v2\/posts\/1275","targetHints":{"allow":["GET"]}}],"collection":[{"href":"https:\/\/www.mgv-concordia-nw.de\/index.php?rest_route=\/wp\/v2\/posts"}],"about":[{"href":"https:\/\/www.mgv-concordia-nw.de\/index.php?rest_route=\/wp\/v2\/types\/post"}],"author":[{"embeddable":true,"href":"https:\/\/www.mgv-concordia-nw.de\/index.php?rest_route=\/wp\/v2\/users\/1"}],"replies":[{"embeddable":true,"href":"https:\/\/www.mgv-concordia-nw.de\/index.php?rest_route=%2Fwp%2Fv2%2Fcomments&post=1275"}],"version-history":[{"count":4,"href":"https:\/\/www.mgv-concordia-nw.de\/index.php?rest_route=\/wp\/v2\/posts\/1275\/revisions"}],"predecessor-version":[{"id":1281,"href":"https:\/\/www.mgv-concordia-nw.de\/index.php?rest_route=\/wp\/v2\/posts\/1275\/revisions\/1281"}],"wp:attachment":[{"href":"https:\/\/www.mgv-concordia-nw.de\/index.php?rest_route=%2Fwp%2Fv2%2Fmedia&parent=1275"}],"wp:term":[{"taxonomy":"category","embeddable":true,"href":"https:\/\/www.mgv-concordia-nw.de\/index.php?rest_route=%2Fwp%2Fv2%2Fcategories&post=1275"},{"taxonomy":"post_tag","embeddable":true,"href":"https:\/\/www.mgv-concordia-nw.de\/index.php?rest_route=%2Fwp%2Fv2%2Ftags&post=1275"}],"curies":[{"name":"wp","href":"https:\/\/api.w.org\/{rel}","templated":true}]}}