{"id":1265,"date":"2015-09-12T07:12:33","date_gmt":"2015-09-12T07:12:33","guid":{"rendered":"http:\/\/www.mgv-concordia-nw.de\/?p=1265"},"modified":"2015-11-05T16:52:06","modified_gmt":"2015-11-05T16:52:06","slug":"konzert-in-der-michaelskirche-in-eberbach","status":"publish","type":"post","link":"https:\/\/www.mgv-concordia-nw.de\/?p=1265","title":{"rendered":"Konzert in der Michaelskirche in Eberbach"},"content":{"rendered":"<p>Zum Abschluss des Eberbacher Apfeltages veranstalteten die Eberbacher Ch\u00f6re MGV Concordia Neckarwimmersbach, MGV S\u00e4ngerlust Rockenau und der Gemischte Chor Lindach, gemeinsam unter der Leitung von Tobias Soldner, ein Herbstkonzert in der evangelischen Michaelskirche.<\/p>\n<p>Gerhard Laritz 1. Vorstand des MGV Concordia begr\u00fc\u00dfte im Namen der drei Ch\u00f6re die zahlreich erschienen G\u00e4ste. Darunter auch B\u00fcrgermeister Reichert mit Gattin.<\/p>\n<p>Der musikalische Bogen spannte sich \u00fcber Chorwerke von Mozart, Uhland, Heine, Friedrich Silcher sowie Schlageroldies von Reinhard Mey, der Gruppe \u201eSTS\u201c und Danyel Gerad. Begleitet wurden die Ch\u00f6re am Klavier von der jungen Koreanerin Min-Ae Kim.<\/p>\n<p>Mit dem Abschlusslied \u201eDer Mond ist aufgegangen\u201c gesungen von den drei Ch\u00f6ren und dem Publikum endete das Konzert mit Applaus und stehende Overationen.<\/p>\n<p><a href=\"https:\/\/www.mgv-concordia-nw.de\/wordpress\/wp-content\/uploads\/2015\/09\/Herbstkonzert-18.10.2015.jpg\"><img loading=\"lazy\" decoding=\"async\" class=\"alignleft size-medium wp-image-1272\" src=\"https:\/\/www.mgv-concordia-nw.de\/wordpress\/wp-content\/uploads\/2015\/09\/Herbstkonzert-18.10.2015-340x212.jpg\" alt=\"Herbstkonzert 18.10.2015\" width=\"340\" height=\"212\" srcset=\"https:\/\/www.mgv-concordia-nw.de\/wordpress\/wp-content\/uploads\/2015\/09\/Herbstkonzert-18.10.2015-340x212.jpg 340w, https:\/\/www.mgv-concordia-nw.de\/wordpress\/wp-content\/uploads\/2015\/09\/Herbstkonzert-18.10.2015-740x461.jpg 740w, https:\/\/www.mgv-concordia-nw.de\/wordpress\/wp-content\/uploads\/2015\/09\/Herbstkonzert-18.10.2015.jpg 1188w\" sizes=\"auto, (max-width: 340px) 100vw, 340px\" \/><\/a><\/p>\n","protected":false},"excerpt":{"rendered":"<p>Zum Abschluss des Eberbacher Apfeltages veranstalteten die Eberbacher Ch\u00f6re MGV Concordia Neckarwimmersbach, MGV S\u00e4ngerlust Rockenau und der Gemischte Chor Lindach, gemeinsam unter der Leitung von Tobias Soldner, ein Herbstkonzert in der evangelischen Michaelskirche. Gerhard Laritz 1. Vorstand des MGV Concordia begr\u00fc\u00dfte im Namen der drei Ch\u00f6re die zahlreich erschienen G\u00e4ste. Darunter auch B\u00fcrgermeister Reichert mit [&hellip;]<\/p>\n","protected":false},"author":1,"featured_media":0,"comment_status":"closed","ping_status":"closed","sticky":false,"template":"","format":"standard","meta":{"ngg_post_thumbnail":0,"footnotes":""},"categories":[1,23,16],"tags":[],"class_list":["post-1265","post","type-post","status-publish","format-standard","hentry","category-allgemein","category-liveauftritt","category-termine"],"blocksy_meta":[],"_links":{"self":[{"href":"https:\/\/www.mgv-concordia-nw.de\/index.php?rest_route=\/wp\/v2\/posts\/1265","targetHints":{"allow":["GET"]}}],"collection":[{"href":"https:\/\/www.mgv-concordia-nw.de\/index.php?rest_route=\/wp\/v2\/posts"}],"about":[{"href":"https:\/\/www.mgv-concordia-nw.de\/index.php?rest_route=\/wp\/v2\/types\/post"}],"author":[{"embeddable":true,"href":"https:\/\/www.mgv-concordia-nw.de\/index.php?rest_route=\/wp\/v2\/users\/1"}],"replies":[{"embeddable":true,"href":"https:\/\/www.mgv-concordia-nw.de\/index.php?rest_route=%2Fwp%2Fv2%2Fcomments&post=1265"}],"version-history":[{"count":3,"href":"https:\/\/www.mgv-concordia-nw.de\/index.php?rest_route=\/wp\/v2\/posts\/1265\/revisions"}],"predecessor-version":[{"id":1273,"href":"https:\/\/www.mgv-concordia-nw.de\/index.php?rest_route=\/wp\/v2\/posts\/1265\/revisions\/1273"}],"wp:attachment":[{"href":"https:\/\/www.mgv-concordia-nw.de\/index.php?rest_route=%2Fwp%2Fv2%2Fmedia&parent=1265"}],"wp:term":[{"taxonomy":"category","embeddable":true,"href":"https:\/\/www.mgv-concordia-nw.de\/index.php?rest_route=%2Fwp%2Fv2%2Fcategories&post=1265"},{"taxonomy":"post_tag","embeddable":true,"href":"https:\/\/www.mgv-concordia-nw.de\/index.php?rest_route=%2Fwp%2Fv2%2Ftags&post=1265"}],"curies":[{"name":"wp","href":"https:\/\/api.w.org\/{rel}","templated":true}]}}