{"id":1246,"date":"2015-03-18T08:28:31","date_gmt":"2015-03-18T08:28:31","guid":{"rendered":"http:\/\/www.mgv-concordia-nw.de\/?p=1246"},"modified":"2015-03-18T08:30:27","modified_gmt":"2015-03-18T08:30:27","slug":"mitgliederversammlung-2015-beim-mgv-concordia-neckarwimmersbach","status":"publish","type":"post","link":"https:\/\/www.mgv-concordia-nw.de\/?p=1246","title":{"rendered":"Mitgliederversammlung 2015 beim MGV Concordia Neckarwimmersbach"},"content":{"rendered":"<p style=\"text-align: justify;\"><strong>Am Dienstag 17. M\u00e4rz 2015 fand die Jahreshauptversammlung in der Concordia-H\u00fctte statt. Beginn war um 18.30 Uhr.<\/strong><\/p>\n<p style=\"text-align: justify;\">Der erste Vorsitzende Gerhard Laritz begr\u00fc\u00dfte die anwesenden Mitglieder.<\/p>\n<p style=\"text-align: justify;\">Zur Totenehrung bat der zweite Vorsitzende Karlheinz Dir die anwesenden Mitglieder sich von ihren Pl\u00e4tzen zu erheben. Die Versammlung gedachte allen Verstorbenen, insbesondere den Concordia-Mitgliedern Hans Mayer und G\u00fcnter Bettinghausen. Auch gedachte man Wolfgang Beisel von der S\u00e4ngerlust Rockenau.<\/p>\n<p style=\"text-align: justify;\">Die Feststellung der ordnungsgem\u00e4\u00dfen Einberufung und Genehmigung der Tagesordnungspunkte erfolgte einstimmig.<\/p>\n<p style=\"text-align: justify;\">Anschlie\u00dfend wurden das Protokoll der letzten Mitgliederversammlung und der umfangreiche T\u00e4tigkeitsbericht 2014 mit 39 Terminen, davon 8 Rentnernachmittagen, von Schriftf\u00fchrerin Marlies Rumbach vorgelesen.<\/p>\n<p style=\"text-align: justify;\">Kassier Martin Epp legte ein gut gef\u00fchrtes Kassenbuch mit geordneten Finanzen vor. Eduard Kopca und Frieder Wettig bescheinigten Martin Epp eine einwandfreie Kassenf\u00fchrung und keine Unstimmigkeiten.<\/p>\n<p style=\"text-align: justify;\">Laut H\u00fcttenwart Josef Rumbach war die H\u00fctte im Jahr 2014 nur 35-mal belegt. Diese Belegung bezieht sich aber nur auf Fremdmieter. Im vergangenen Jahr wurden verschiedene Arbeiten durchgef\u00fchrt. So wurde neben dem Holzlager ein neuer Schuppen angebaut, damit mehr Stauraum zur Verf\u00fcgung steht. Ebenso wurden der Platz hinter der H\u00fctte und der Zufahrtsweg mit Mineralbeton aufgef\u00fcllt und eingeebnet.<br \/>\nIm Jahr 2015 soll das Holzgel\u00e4nder vor der H\u00fctte erneuert werden, die Fliesen am Kellereingang m\u00fcssen entfernt werden.<br \/>\nIn der letzten Mitgliederversammlung wurde der Vorschlag gemacht, dass dem H\u00fcttenwart ein Stellvertreter zur Seite stehen sollte. Leider war Josef Rumbach sehr entt\u00e4uscht \u00fcber die Resonanz f\u00fcr diesen Vorschlag, sowie \u00fcber die Bereitschaft ihn bei den Vorbereitungen vor\/w\u00e4hrend und nach den Chorproben zu unterst\u00fctzen. Die Kritik \u00fcber die Bereitschaft mitzuhelfen betrifft nicht die div. Arbeitseins\u00e4tze.<br \/>\nZum Schluss bedankte er sich bei der Vorstandschaft und bei allen, die bei den div. Arbeitseins\u00e4tzen rund um die H\u00fctte mitgeholfen haben.<\/p>\n<p>Chorleiter Tobias Soldner ist stolz, \u00fcber die gute Zusammenarbeit zwischen dem MGV S\u00e4ngerlust Rockenau und dem MGV Concordia. Er bedankte sich bei dem gesamten Chor von der Concordia, sowie bei den S\u00e4ngern von Rockenau. Mit dem Probenbesuch ist er zufrieden, so sollte es weitergehen, zumal im Herbst wieder ein Konzert geplant ist. Er w\u00fcrde sich freuen, wenn jeder S\u00e4nger an den Proben anwesend w\u00e4re, nur so kann man auf gro\u00dfe Ziele hinarbeiten.<\/p>\n<p style=\"text-align: justify;\">Zum Punkt Aussprache zu den Berichten, fragte Horst Zimmermann nach den H\u00fctteneinnahmen und Ausgaben, nachdem Josef Rumbach in seinem Bericht erw\u00e4hnte, dass die H\u00fctte nur 35-mal belegt war. Martin Epp teilte mit, dass die Einnahmen die Ausgaben nicht decken.<\/p>\n<p style=\"text-align: justify;\">Die Entlastung der Vorstandschaft \u00fcbernahm Wolfgang Och. Er betonte, dass die Vorstandschaft eine gute Arbeit geleistet hat und bat die Versammlung um Entlastung. Diese erfolgte einstimmig.<\/p>\n<p style=\"text-align: justify;\">Als Kassenpr\u00fcfer f\u00fcr das Jahr 2015 wurden Frieder Wettig und Eduard Kopca bestimmt.<\/p>\n<p style=\"text-align: justify;\">Zum Jahresprogramm bat Gerhard Laritz die Mitglieder um Mithilfe und Vorschl\u00e4ge f\u00fcr einen evtl. geplanten Ausflug.<\/p>\n<p style=\"text-align: justify;\">Zum Punkt W\u00fcnsche und Antr\u00e4ge, lag dem ersten Vorsitzenden Gerhard Laritz, ein schriftlicher Antrag von Ferdinand Kerling vor. In diesem Antrag \u00e4u\u00dferte Ferdinand Kerling, Josef Rumbach zum Ehrenmitglied zu ernennen. Die Versammlung stimmte diesem Antrag einstimmig zu. Sichtlich ger\u00fchrt nahm Josef Rumbach die Ernennung an. Die Urkunde wird zu einem sp\u00e4teren Zeitpunkt \u00fcbergeben.<\/p>\n<p style=\"text-align: justify;\">Da die Wirtsleute vom Gasthaus \u201eGr\u00fcner Baum\u201c in diesem Jahr aufgeben, kann die allj\u00e4hrige Weihnachtsfeier nicht mehr in diesem Lokal stattfinden. Aus diesem Grund findet die Weihnachtsfeier in diesem Jahr im Gasthaus \u201eZur Linde\u201c in Neckarwimmersbach statt. Die R\u00e4umlichkeiten wurden hierzu schon angemietet.<br \/>\nOb eine Tombola zusammengestellt wird, muss noch entschieden werden.<\/p>\n<p style=\"text-align: justify;\">Eine neue EU-Verordnung besagt, dass von den Kuchen und anderen Lebensmitteln, die Inhaltsstoffe anzugeben sind. Gerhard Laritz wird beim Rhein-Neckar-Kreis nachfragen, was f\u00fcr uns ma\u00dfgebend ist.<\/p>\n<p style=\"text-align: justify;\">Zum Abschluss bedankte sich Gerhard Laritz nochmal bei allen die den Verein unterst\u00fctzen und beendete um 19.34 Uhr die Versammlung.<\/p>\n<figure id=\"attachment_1250\" aria-describedby=\"caption-attachment-1250\" style=\"width: 340px\" class=\"wp-caption alignleft\"><a href=\"https:\/\/www.mgv-concordia-nw.de\/wordpress\/wp-content\/uploads\/2015\/03\/Mitgliedervers.-20154.jpg\"><img loading=\"lazy\" decoding=\"async\" class=\"size-medium wp-image-1250\" src=\"https:\/\/www.mgv-concordia-nw.de\/wordpress\/wp-content\/uploads\/2015\/03\/Mitgliedervers.-20154-340x227.jpg\" alt=\"auf den Bildern mit der Vorstandschaft v.l.n.r. zweiter Vorstand Karlheinz Dir, Schriftf\u00fchrerin Marlies Rumbach, das neue Ehrenmitglied Josef Rumbach, erster Vorstand Gerhard Laritz, Beirat Gerhard Beisel, Kassier Martin Epp\" width=\"340\" height=\"227\" srcset=\"https:\/\/www.mgv-concordia-nw.de\/wordpress\/wp-content\/uploads\/2015\/03\/Mitgliedervers.-20154-340x227.jpg 340w, https:\/\/www.mgv-concordia-nw.de\/wordpress\/wp-content\/uploads\/2015\/03\/Mitgliedervers.-20154-740x493.jpg 740w, https:\/\/www.mgv-concordia-nw.de\/wordpress\/wp-content\/uploads\/2015\/03\/Mitgliedervers.-20154.jpg 1200w\" sizes=\"auto, (max-width: 340px) 100vw, 340px\" \/><\/a><figcaption id=\"caption-attachment-1250\" class=\"wp-caption-text\">Vorstandschaft 2015 v.l.n.r.<br \/>zweiter Vorstand Karlheinz Dir, Schriftf\u00fchrerin Marlies Rumbach, das neue Ehrenmitglied Josef Rumbach, erster Vorstand Gerhard Laritz, Beirat Gerhard Beisel, Kassier Martin Epp<\/figcaption><\/figure>\n","protected":false},"excerpt":{"rendered":"<p>Am Dienstag 17. M\u00e4rz 2015 fand die Jahreshauptversammlung in der Concordia-H\u00fctte statt. Beginn war um 18.30 Uhr. Der erste Vorsitzende Gerhard Laritz begr\u00fc\u00dfte die anwesenden Mitglieder. Zur Totenehrung bat der zweite Vorsitzende Karlheinz Dir die anwesenden Mitglieder sich von ihren Pl\u00e4tzen zu erheben. Die Versammlung gedachte allen Verstorbenen, insbesondere den Concordia-Mitgliedern Hans Mayer und G\u00fcnter [&hellip;]<\/p>\n","protected":false},"author":1,"featured_media":0,"comment_status":"closed","ping_status":"closed","sticky":false,"template":"","format":"standard","meta":{"ngg_post_thumbnail":0,"footnotes":""},"categories":[1,12,40,16],"tags":[],"class_list":["post-1246","post","type-post","status-publish","format-standard","hentry","category-allgemein","category-concordia-hutte","category-mitgliederversammlung","category-termine"],"blocksy_meta":[],"_links":{"self":[{"href":"https:\/\/www.mgv-concordia-nw.de\/index.php?rest_route=\/wp\/v2\/posts\/1246","targetHints":{"allow":["GET"]}}],"collection":[{"href":"https:\/\/www.mgv-concordia-nw.de\/index.php?rest_route=\/wp\/v2\/posts"}],"about":[{"href":"https:\/\/www.mgv-concordia-nw.de\/index.php?rest_route=\/wp\/v2\/types\/post"}],"author":[{"embeddable":true,"href":"https:\/\/www.mgv-concordia-nw.de\/index.php?rest_route=\/wp\/v2\/users\/1"}],"replies":[{"embeddable":true,"href":"https:\/\/www.mgv-concordia-nw.de\/index.php?rest_route=%2Fwp%2Fv2%2Fcomments&post=1246"}],"version-history":[{"count":4,"href":"https:\/\/www.mgv-concordia-nw.de\/index.php?rest_route=\/wp\/v2\/posts\/1246\/revisions"}],"predecessor-version":[{"id":1252,"href":"https:\/\/www.mgv-concordia-nw.de\/index.php?rest_route=\/wp\/v2\/posts\/1246\/revisions\/1252"}],"wp:attachment":[{"href":"https:\/\/www.mgv-concordia-nw.de\/index.php?rest_route=%2Fwp%2Fv2%2Fmedia&parent=1246"}],"wp:term":[{"taxonomy":"category","embeddable":true,"href":"https:\/\/www.mgv-concordia-nw.de\/index.php?rest_route=%2Fwp%2Fv2%2Fcategories&post=1246"},{"taxonomy":"post_tag","embeddable":true,"href":"https:\/\/www.mgv-concordia-nw.de\/index.php?rest_route=%2Fwp%2Fv2%2Ftags&post=1246"}],"curies":[{"name":"wp","href":"https:\/\/api.w.org\/{rel}","templated":true}]}}